{"id":31815,"date":"2025-07-12T00:49:33","date_gmt":"2025-07-12T00:49:33","guid":{"rendered":"https:\/\/radiocresatelital.com\/?p=31815"},"modified":"2025-07-12T00:49:33","modified_gmt":"2025-07-12T00:49:33","slug":"orense-sc-anuncio-a-valentin-burgoa-como-nuevo-refuerzo","status":"publish","type":"post","link":"https:\/\/radiocresatelital.com\/?p=31815","title":{"rendered":"Orense SC anunci\u00f3 a Valent\u00edn Burgoa como nuevo refuerzo"},"content":{"rendered":"<p>Machala.- A trav\u00e9s de sus redes sociales, Orense Sporting Club confirm\u00f3 el fichaje de un nuevo refuerzo, se trata del argentino Valent\u00edn Burgoa, mediocampista ofensivo de 24 a\u00f1os de edad, quien llega en condici\u00f3n de pr\u00e9stamo hasta el final de la temporada con opci\u00f3n a compra desde Godoy Cruz, club due\u00f1o de su pase.<\/p>\n<p>Burgoa ha jugado 156 partidos en primera divisi\u00f3n, participando tambi\u00e9n en los torneos internacionales Conmebol Sudamericana y Conmebol Libertadores. Dentro de su trayectoria ha jugado en Hurac\u00e1n, Sarmiento y Godoy Cruz, todos de la Liga Profesional Argentina.<\/p>\n<p>El nuevo jugador del conjunto \u201cbananero\u201d se caracteriza por su habilidad con el bal\u00f3n, por su buen regate y su excelente desempe\u00f1o en los enfrentamientos 1 vs 1, adem\u00e1s cuenta con un excelente remate desde corta, mediana y larga distancia.<\/p>\n<p>El deportista argentino llega al equipo de la provincia de El Oro con la ilusi\u00f3n de destacar en lo que ser\u00e1 su primera experiencia internacional.<\/p>\n<p>Valent\u00edn Burgoa se uni\u00f3 el pasado lunes 30 de junio a los entrenamientos del conjunto dirigido por Ra\u00fal Antu\u00f1a, que se llevan a cabo en el Complejo Deportivo Euclides Palacios.<\/p>\n","protected":false},"excerpt":{"rendered":"<p>Machala.- A trav\u00e9s de sus redes sociales, Orense Sporting Club confirm\u00f3 el fichaje de un nuevo refuerzo, se trata del argentino Valent\u00edn Burgoa, mediocampista ofensivo de 24 a\u00f1os de edad, quien llega en condici\u00f3n de pr\u00e9stamo hasta el final de la temporada con opci\u00f3n a compra desde Godoy Cruz, club due\u00f1o de su pase. Burgoa [&hellip;]<\/p>\n","protected":false},"author":2,"featured_media":31816,"comment_status":"open","ping_status":"closed","sticky":false,"template":"","format":"standard","meta":{"_jetpack_memberships_contains_paid_content":false,"footnotes":""},"categories":[626,73],"tags":[929,135,360],"class_list":["post-31815","post","type-post","status-publish","format-standard","has-post-thumbnail","hentry","category-futbol-nacional","category-liga-pro","tag-futbol-nacional","tag-liga-pro","tag-orense-sc"],"jetpack_featured_media_url":"https:\/\/radiocresatelital.com\/wp-content\/uploads\/2025\/07\/WhatsApp-Image-2025-07-11-at-19.04.51.jpeg","jetpack_sharing_enabled":true,"_links":{"self":[{"href":"https:\/\/radiocresatelital.com\/index.php?rest_route=\/wp\/v2\/posts\/31815","targetHints":{"allow":["GET"]}}],"collection":[{"href":"https:\/\/radiocresatelital.com\/index.php?rest_route=\/wp\/v2\/posts"}],"about":[{"href":"https:\/\/radiocresatelital.com\/index.php?rest_route=\/wp\/v2\/types\/post"}],"author":[{"embeddable":true,"href":"https:\/\/radiocresatelital.com\/index.php?rest_route=\/wp\/v2\/users\/2"}],"replies":[{"embeddable":true,"href":"https:\/\/radiocresatelital.com\/index.php?rest_route=%2Fwp%2Fv2%2Fcomments&post=31815"}],"version-history":[{"count":1,"href":"https:\/\/radiocresatelital.com\/index.php?rest_route=\/wp\/v2\/posts\/31815\/revisions"}],"predecessor-version":[{"id":31817,"href":"https:\/\/radiocresatelital.com\/index.php?rest_route=\/wp\/v2\/posts\/31815\/revisions\/31817"}],"wp:featuredmedia":[{"embeddable":true,"href":"https:\/\/radiocresatelital.com\/index.php?rest_route=\/wp\/v2\/media\/31816"}],"wp:attachment":[{"href":"https:\/\/radiocresatelital.com\/index.php?rest_route=%2Fwp%2Fv2%2Fmedia&parent=31815"}],"wp:term":[{"taxonomy":"category","embeddable":true,"href":"https:\/\/radiocresatelital.com\/index.php?rest_route=%2Fwp%2Fv2%2Fcategories&post=31815"},{"taxonomy":"post_tag","embeddable":true,"href":"https:\/\/radiocresatelital.com\/index.php?rest_route=%2Fwp%2Fv2%2Ftags&post=31815"}],"curies":[{"name":"wp","href":"https:\/\/api.w.org\/{rel}","templated":true}]}}