{"id":3179,"date":"2023-08-25T03:57:24","date_gmt":"2023-08-25T03:57:24","guid":{"rendered":"https:\/\/radiocresatelital.com\/?p=3179"},"modified":"2023-08-25T03:57:24","modified_gmt":"2023-08-25T03:57:24","slug":"concejo-municipal-aprueba-en-primer-debate-reforma-a-ordenanza-sobre-rotulos-publicitarios","status":"publish","type":"post","link":"https:\/\/radiocresatelital.com\/?p=3179","title":{"rendered":"Concejo Municipal aprueba en primer debate reforma a ordenanza sobre r\u00f3tulos publicitarios"},"content":{"rendered":"<p>Guayaquil.- En sesi\u00f3n del Concejo Municipal, presidida por el Alcalde de Guayaquil, Aquiles \u00c1lvarez, se aprob\u00f3 en primer debate la reforma a la ordenanza para la<br \/>\ninstalaci\u00f3n de r\u00f3tulos publicitarios. Con esta medida, se busca normar de manera integral los elementos publicitarios en el cant\u00f3n y dar cumplimiento a las recomendaciones emitidas por la Contralor\u00eda General del Estado, en el examen especial que realiz\u00f3 a esta Municipalidad.<\/p>\n<p>Con la aprobaci\u00f3n de esta ordenanza la ciudad se ci\u00f1e al art\u00edculo 322 del C\u00f3digo Org\u00e1nico de Organizaci\u00f3n Territorial Autonom\u00eda y Descentralizaci\u00f3n (COOTAD). Con el que \u201cse optimizar\u00e1n los procesos para obtener los permisos necesarios para la instalaci\u00f3n de r\u00f3tulos y vallas publicitarias. Como tambi\u00e9n se incentiva a este sector a que formalicen sus actividades econ\u00f3micas\u201d, refiri\u00f3 la vicealcaldesa de Guayaquil, Blanca L\u00f3pez.<\/p>\n<p>La vicealcaldesa, quien propuso el proyecto, a\u00f1adi\u00f3 que \u201cesto nos permite arrancar un 2024 de manera ordenada, y permite una mejor y mayor recaudaci\u00f3n en los rubros relacionados a estos elementos publicitarios ubicados en Guayaquil\u201d.<\/p>\n<p>Por su parte, el concejal Ra\u00fal Ch\u00e1vez record\u00f3 que este proyecto, que busca regular la colocaci\u00f3n de los r\u00f3tulos publicitarios en Guayaquil fue parte de la propuesta de campa\u00f1a del Alcalde Aquiles \u00c1lvarez. \u201cEn campa\u00f1a expusimos este tema. Siendo congruentes con eso estamos poniendo sobre la mesa del Concejo Cantonal para que quede claro que no es politiquer\u00eda ni show, lo hacemos por convicci\u00f3n\u201d, dijo.<\/p>\n<p>Asimismo, como tercer punto del d\u00eda, se aprob\u00f3 en primer debate la ordenanza sustitutiva que regula y actualiza el funcionamiento de la Empresa P\u00fablica Municipal para la Gesti\u00f3n de la Innovaci\u00f3n y la Competitividad (\u00c9pico).<\/p>\n<p>Con este proyecto, refiri\u00f3 el burgomaestre, se va a dar cobertura y atender a los emprendedores. Adem\u00e1s, \u00c9pico se convertir\u00e1 en una empresa p\u00fablica \u201cque genere recursos y que permitir\u00e1 la firma de alianzas estrat\u00e9gicas importantes.<\/p>\n<p>Hay muchos proyectos en cola que, por el tema legal, no se han podido cristalizar, pero con esto, por ejemplo, se viene un gran Guayarte bien administrado y un soporte importante a la direcci\u00f3n de Salud\u201d.<\/p>\n","protected":false},"excerpt":{"rendered":"<p>Guayaquil.- En sesi\u00f3n del Concejo Municipal, presidida por el Alcalde de Guayaquil, Aquiles \u00c1lvarez, se aprob\u00f3 en primer debate la reforma a la ordenanza para la instalaci\u00f3n de r\u00f3tulos publicitarios. Con esta medida, se busca normar de manera integral los elementos publicitarios en el cant\u00f3n y dar cumplimiento a las recomendaciones emitidas por la Contralor\u00eda [&hellip;]<\/p>\n","protected":false},"author":2,"featured_media":3180,"comment_status":"open","ping_status":"closed","sticky":false,"template":"","format":"standard","meta":{"_jetpack_memberships_contains_paid_content":false,"footnotes":""},"categories":[33,13],"tags":[293],"class_list":["post-3179","post","type-post","status-publish","format-standard","has-post-thumbnail","hentry","category-guayaquil","category-noticias-nacionales","tag-alcaldia-de-guayaquil"],"jetpack_featured_media_url":"https:\/\/radiocresatelital.com\/wp-content\/uploads\/2023\/08\/F4VhlByXQAAJZPe.jpeg","jetpack_sharing_enabled":true,"_links":{"self":[{"href":"https:\/\/radiocresatelital.com\/index.php?rest_route=\/wp\/v2\/posts\/3179","targetHints":{"allow":["GET"]}}],"collection":[{"href":"https:\/\/radiocresatelital.com\/index.php?rest_route=\/wp\/v2\/posts"}],"about":[{"href":"https:\/\/radiocresatelital.com\/index.php?rest_route=\/wp\/v2\/types\/post"}],"author":[{"embeddable":true,"href":"https:\/\/radiocresatelital.com\/index.php?rest_route=\/wp\/v2\/users\/2"}],"replies":[{"embeddable":true,"href":"https:\/\/radiocresatelital.com\/index.php?rest_route=%2Fwp%2Fv2%2Fcomments&post=3179"}],"version-history":[{"count":1,"href":"https:\/\/radiocresatelital.com\/index.php?rest_route=\/wp\/v2\/posts\/3179\/revisions"}],"predecessor-version":[{"id":3181,"href":"https:\/\/radiocresatelital.com\/index.php?rest_route=\/wp\/v2\/posts\/3179\/revisions\/3181"}],"wp:featuredmedia":[{"embeddable":true,"href":"https:\/\/radiocresatelital.com\/index.php?rest_route=\/wp\/v2\/media\/3180"}],"wp:attachment":[{"href":"https:\/\/radiocresatelital.com\/index.php?rest_route=%2Fwp%2Fv2%2Fmedia&parent=3179"}],"wp:term":[{"taxonomy":"category","embeddable":true,"href":"https:\/\/radiocresatelital.com\/index.php?rest_route=%2Fwp%2Fv2%2Fcategories&post=3179"},{"taxonomy":"post_tag","embeddable":true,"href":"https:\/\/radiocresatelital.com\/index.php?rest_route=%2Fwp%2Fv2%2Ftags&post=3179"}],"curies":[{"name":"wp","href":"https:\/\/api.w.org\/{rel}","templated":true}]}}