{"id":3172,"date":"2023-08-25T03:19:50","date_gmt":"2023-08-25T03:19:50","guid":{"rendered":"https:\/\/radiocresatelital.com\/?p=3172"},"modified":"2023-08-25T03:19:50","modified_gmt":"2023-08-25T03:19:50","slug":"un-estudio-del-ministerio-de-educacion-y-unicef-demuestra-que-la-educacion-presencial-mejora-el-bienestar-estudiantil","status":"publish","type":"post","link":"https:\/\/radiocresatelital.com\/?p=3172","title":{"rendered":"Un estudio del Ministerio de Educaci\u00f3n y Unicef demuestra que la educaci\u00f3n presencial mejora el bienestar estudiantil"},"content":{"rendered":"<p>Quito.- Los resultados de un estudio realizado por el Ministerio de Educaci\u00f3n y Unicef Ecuador fueron presentados en el Tercer Encuentro \u201cCamino hacia la transformaci\u00f3n educativa: miradas y perspectivas de la investigaci\u00f3n para la mejora de los aprendizajes\u201d, organizado por esta cartera de Estado. Los datos demuestran que la presencialidad desarrolla el bienestar de los estudiantes y que el factor m\u00e1s importante para el aprendizaje es un hogar donde los ni\u00f1os est\u00e9n protegidos y reciban apoyo de sus familias.<\/p>\n<p>Este estudio recoge datos de 2022 y arroja importante informaci\u00f3n sobre la realidad educativa del pa\u00eds. Reflej\u00f3, por ejemplo, que m\u00e1s del 80 por ciento de los padres de familia afirman que el estado de \u00e1nimo de sus hijos y su inter\u00e9s por aprender se increment\u00f3 con el retorno a clases presenciales.\u00a0 Adem\u00e1s, aproximadamente el 80% de los docentes a nivel nacional sostienen que los estudiantes aprenden m\u00e1s que durante la virtualidad y aproximadamente el 45% de estudiantes se sienten alegres y confiados.<\/p>\n<p>Por otra parte, se ha creado una alianza entre el MinEduc y la Unicef para el fortalecimiento y ampliaci\u00f3n de la cobertura de los programas de nivelaci\u00f3n y aceleraci\u00f3n pedag\u00f3gica, generaci\u00f3n de recursos educativos para fomentar la lectura y escritura; acompa\u00f1amiento pedag\u00f3gico, modernizaci\u00f3n de los procesos de ense\u00f1anza de docentes y promoci\u00f3n de la salud mental y habilidades para la vida. Adicionalmente, se ha establecido un acuerdo para el trabajo en conjunto que permita el desarrollo del monitorio del Sistema Nacional de Educaci\u00f3n hasta el a\u00f1o 2025, permitiendo contar con informaci\u00f3n actualizada durante cada periodo lectivo que permita orientar la toma de decisiones.<\/p>\n<p>Promovemos la transformaci\u00f3n educativa en todos los niveles y modalidades, a trav\u00e9s de iniciativas de cooperaci\u00f3n interinstitucional y herramientas que fomenten la investigaci\u00f3n educativa.<\/p>\n","protected":false},"excerpt":{"rendered":"<p>Quito.- Los resultados de un estudio realizado por el Ministerio de Educaci\u00f3n y Unicef Ecuador fueron presentados en el Tercer Encuentro \u201cCamino hacia la transformaci\u00f3n educativa: miradas y perspectivas de la investigaci\u00f3n para la mejora de los aprendizajes\u201d, organizado por esta cartera de Estado. Los datos demuestran que la presencialidad desarrolla el bienestar de los [&hellip;]<\/p>\n","protected":false},"author":2,"featured_media":3173,"comment_status":"open","ping_status":"closed","sticky":false,"template":"","format":"standard","meta":{"_jetpack_memberships_contains_paid_content":false,"footnotes":""},"categories":[13],"tags":[628],"class_list":["post-3172","post","type-post","status-publish","format-standard","has-post-thumbnail","hentry","category-noticias-nacionales","tag-minsterio-educacion"],"jetpack_featured_media_url":"https:\/\/radiocresatelital.com\/wp-content\/uploads\/2023\/08\/estudiantes-infraestructura.png","jetpack_sharing_enabled":true,"_links":{"self":[{"href":"https:\/\/radiocresatelital.com\/index.php?rest_route=\/wp\/v2\/posts\/3172","targetHints":{"allow":["GET"]}}],"collection":[{"href":"https:\/\/radiocresatelital.com\/index.php?rest_route=\/wp\/v2\/posts"}],"about":[{"href":"https:\/\/radiocresatelital.com\/index.php?rest_route=\/wp\/v2\/types\/post"}],"author":[{"embeddable":true,"href":"https:\/\/radiocresatelital.com\/index.php?rest_route=\/wp\/v2\/users\/2"}],"replies":[{"embeddable":true,"href":"https:\/\/radiocresatelital.com\/index.php?rest_route=%2Fwp%2Fv2%2Fcomments&post=3172"}],"version-history":[{"count":1,"href":"https:\/\/radiocresatelital.com\/index.php?rest_route=\/wp\/v2\/posts\/3172\/revisions"}],"predecessor-version":[{"id":3174,"href":"https:\/\/radiocresatelital.com\/index.php?rest_route=\/wp\/v2\/posts\/3172\/revisions\/3174"}],"wp:featuredmedia":[{"embeddable":true,"href":"https:\/\/radiocresatelital.com\/index.php?rest_route=\/wp\/v2\/media\/3173"}],"wp:attachment":[{"href":"https:\/\/radiocresatelital.com\/index.php?rest_route=%2Fwp%2Fv2%2Fmedia&parent=3172"}],"wp:term":[{"taxonomy":"category","embeddable":true,"href":"https:\/\/radiocresatelital.com\/index.php?rest_route=%2Fwp%2Fv2%2Fcategories&post=3172"},{"taxonomy":"post_tag","embeddable":true,"href":"https:\/\/radiocresatelital.com\/index.php?rest_route=%2Fwp%2Fv2%2Ftags&post=3172"}],"curies":[{"name":"wp","href":"https:\/\/api.w.org\/{rel}","templated":true}]}}