{"id":3169,"date":"2023-08-25T03:14:12","date_gmt":"2023-08-25T03:14:12","guid":{"rendered":"https:\/\/radiocresatelital.com\/?p=3169"},"modified":"2023-08-25T03:14:12","modified_gmt":"2023-08-25T03:14:12","slug":"95-de-cada-100-ninos-estan-vacunados-en-ecuador-tras-verificar-los-resultados-del-monitoreo-rapido-de-vacunacion-mrv","status":"publish","type":"post","link":"https:\/\/radiocresatelital.com\/?p=3169","title":{"rendered":"95 de cada 100 ni\u00f1os est\u00e1n vacunados en Ecuador, tras verificar los resultados del Monitoreo R\u00e1pido de Vacunaci\u00f3n (MRV)"},"content":{"rendered":"<p>Quito.- El Ministerio de Salud P\u00fablica (MSP) alcanz\u00f3, en apenas 14 semanas, vacunar a 3.4 millones de ni\u00f1as y ni\u00f1os menores de 12 a\u00f1os, dentro de la campa\u00f1a de vacunaci\u00f3n de seguimiento de alta calidad: \u201cPor un Ecuador Libre de <a>Poliomielitis, Sarampi\u00f3n y Rubeola<\/a>\u201d. Este logro hist\u00f3rico fue posible gracias al trabajo interinstitucional de varias entidades de gobierno, la academia, miles de profesionales de la salud y organismos internacionales como la Organizaci\u00f3n Panamericana de la Salud (OPS\/ OMS); el Fondo de las Naciones Unidas (Unicef) y la Organizaci\u00f3n Internacional para las Migraciones (OIM).<\/p>\n<p>Los resultados fueron presentados este 24 de agosto luego de concluir con \u00e9xito el Monitoreo R\u00e1pido de Vacunaci\u00f3n (MRV), que corresponde a la tercera fase de la campa\u00f1a. En esta fase se visitaron m\u00e1s de 500 mil viviendas, con apoyo de 20 mil funcionarios del ministerio de salud y el acompa\u00f1amiento t\u00e9cnico de la OPS.<\/p>\n<p>En Ecuador, 95 de cada 100 ni\u00f1os est\u00e1n vacunados, luego de comprobarlo en el terreno de las 24 provincias del pa\u00eds. \u201cDe un total de 221 cantones, 216 alcanzaron el 95% de ni\u00f1os vacunados y los cinco restantes con coberturas entre el 90% y el 94%\u201d, asegur\u00f3 el ministro de Salud P\u00fablica, Jos\u00e9 Ruales, durante una rueda de prensa en Quito.<\/p>\n<p>La OPS\/OMS, Unicef y la OIM coincidieron que la campa\u00f1a \u201cfue muy exitosa, de alta calidad y ejecutada en tiempo r\u00e9cord\u201d. Desiree Pastor, asesora regional del Programa de Inmunizaciones de la OPS\/OMS, anunci\u00f3 que el modelo de la campa\u00f1a de vacunaci\u00f3n de alta calidad ecuatoriano ser\u00e1 mostrado al mundo como un modelo piloto de organizaci\u00f3n, coordinaci\u00f3n y micro planificaci\u00f3n que permiti\u00f3 blindar a la poblaci\u00f3n contra estas enfermedades y que adem\u00e1s fortalecer\u00e1 el programa de vacunaci\u00f3n de esquema regular.<\/p>\n<p>\u201cEl trabajo en equipo permiti\u00f3 el \u00e9xito de la campa\u00f1a de vacunaci\u00f3n contra la poliomielitis, rubeola y sarampi\u00f3n, en favor de todos los ni\u00f1os del Ecuador\u201d indic\u00f3 el Ministro Ruales tras agradecer a todos los profesionales de la salud que recorrieron todo el pa\u00eds y as\u00ed alcanzar estas metas. La campa\u00f1a de vacunaci\u00f3n tuvo una inversi\u00f3n de USD 23 millones, en vacunas, insumos, equipos de cadena de fr\u00edo, talento humano, movilidad y acciones de comunicaci\u00f3n.<\/p>\n<p>Adri\u00e1n D\u00edaz, representante de la OPS\/OMS en Ecuador, reconoci\u00f3 los esfuerzos del Gobierno Nacional en la inversi\u00f3n y movilizaci\u00f3n del talento humano para proteger a los ni\u00f1os del pa\u00eds. \u201cLa vacunaci\u00f3n es la mejor estrategia costo-efectiva a escala mundial, que permite salvar millones de vidas\u201d, expres\u00f3. A\u00f1adi\u00f3 que uno de los objetivos es cubrir la brecha de inmunizaci\u00f3n en ni\u00f1os, que fue afectada a\u00f1os anteriores a causa de la COVID-19.<\/p>\n<p>Por su parte, Luz \u00c1ngela Melo, representante residente de Unicef, destac\u00f3 que con la vacunaci\u00f3n masiva se asegura un Ecuador sin presencia de estas enfermedades. Indic\u00f3 que la prioridad siempre fue continuar impulsando campa\u00f1as de vacunaci\u00f3n en favor de la poblaci\u00f3n mundial. \u201cQuiero reconocer a todos los trabajadores de la salud y al resto de instituciones por su compromiso con los ni\u00f1os del pa\u00eds\u201d.<\/p>\n<p>Finalmente, dentro de la estrategia de inmunizaciones que lidera el MSP, el ministro Ruales confirm\u00f3 que su administraci\u00f3n garantiza un stock suficiente de vacunas para los pr\u00f3ximos 24 meses.<\/p>\n","protected":false},"excerpt":{"rendered":"<p>Quito.- El Ministerio de Salud P\u00fablica (MSP) alcanz\u00f3, en apenas 14 semanas, vacunar a 3.4 millones de ni\u00f1as y ni\u00f1os menores de 12 a\u00f1os, dentro de la campa\u00f1a de vacunaci\u00f3n de seguimiento de alta calidad: \u201cPor un Ecuador Libre de Poliomielitis, Sarampi\u00f3n y Rubeola\u201d. Este logro hist\u00f3rico fue posible gracias al trabajo interinstitucional de varias [&hellip;]<\/p>\n","protected":false},"author":2,"featured_media":3170,"comment_status":"open","ping_status":"closed","sticky":false,"template":"","format":"standard","meta":{"_jetpack_memberships_contains_paid_content":false,"footnotes":""},"categories":[13],"tags":[148],"class_list":["post-3169","post","type-post","status-publish","format-standard","has-post-thumbnail","hentry","category-noticias-nacionales","tag-ministerio-de-salud-publica"],"jetpack_featured_media_url":"https:\/\/radiocresatelital.com\/wp-content\/uploads\/2023\/08\/WhatsApp-Image-2023-08-24-at-11.22.35-1024x682-1.jpeg","jetpack_sharing_enabled":true,"_links":{"self":[{"href":"https:\/\/radiocresatelital.com\/index.php?rest_route=\/wp\/v2\/posts\/3169","targetHints":{"allow":["GET"]}}],"collection":[{"href":"https:\/\/radiocresatelital.com\/index.php?rest_route=\/wp\/v2\/posts"}],"about":[{"href":"https:\/\/radiocresatelital.com\/index.php?rest_route=\/wp\/v2\/types\/post"}],"author":[{"embeddable":true,"href":"https:\/\/radiocresatelital.com\/index.php?rest_route=\/wp\/v2\/users\/2"}],"replies":[{"embeddable":true,"href":"https:\/\/radiocresatelital.com\/index.php?rest_route=%2Fwp%2Fv2%2Fcomments&post=3169"}],"version-history":[{"count":1,"href":"https:\/\/radiocresatelital.com\/index.php?rest_route=\/wp\/v2\/posts\/3169\/revisions"}],"predecessor-version":[{"id":3171,"href":"https:\/\/radiocresatelital.com\/index.php?rest_route=\/wp\/v2\/posts\/3169\/revisions\/3171"}],"wp:featuredmedia":[{"embeddable":true,"href":"https:\/\/radiocresatelital.com\/index.php?rest_route=\/wp\/v2\/media\/3170"}],"wp:attachment":[{"href":"https:\/\/radiocresatelital.com\/index.php?rest_route=%2Fwp%2Fv2%2Fmedia&parent=3169"}],"wp:term":[{"taxonomy":"category","embeddable":true,"href":"https:\/\/radiocresatelital.com\/index.php?rest_route=%2Fwp%2Fv2%2Fcategories&post=3169"},{"taxonomy":"post_tag","embeddable":true,"href":"https:\/\/radiocresatelital.com\/index.php?rest_route=%2Fwp%2Fv2%2Ftags&post=3169"}],"curies":[{"name":"wp","href":"https:\/\/api.w.org\/{rel}","templated":true}]}}