{"id":3166,"date":"2023-08-25T03:07:02","date_gmt":"2023-08-25T03:07:02","guid":{"rendered":"https:\/\/radiocresatelital.com\/?p=3166"},"modified":"2023-08-25T03:07:42","modified_gmt":"2023-08-25T03:07:42","slug":"reforzamiento-de-muro-en-santa-lucia","status":"publish","type":"post","link":"https:\/\/radiocresatelital.com\/?p=3166","title":{"rendered":"Reforzamiento de muro en Santa Luc\u00eda"},"content":{"rendered":"<p><span style=\"font-weight: 400;\">Guayaquil.- La ma\u00f1ana de este mi\u00e9rcoles 23 de agosto, Miguel Carpio observaba c\u00f3mo una volqueta desalojaba grandes piedras que son parte del material para reforzar el fr\u00e1gil muro de gaviones en el recinto Bermejo de Abajo, en Santa Luc\u00eda, que, poco a poco, hab\u00eda cedido con la crecida del r\u00edo Daule.\u00a0<\/span><\/p>\n<p><span style=\"font-weight: 400;\">Hace un mes, el viceprefecto Carlos Serrano visit\u00f3 esa zona donde se comprometi\u00f3 con los habitantes a enviar la maquinaria. Pocas fueron las semanas que debieron esperar, pues el 14 de agosto lleg\u00f3 el equipo caminero para atender tan anhelada obra que consiste en el reforzamiento del muro con piedra de escollera y hoy ya se pudo iniciar la segunda etapa.<\/span><\/p>\n<p><span style=\"font-weight: 400;\">\u201cEstoy agradecido con la prefecta Marcela Agui\u00f1aga. Esta calle se nos hundi\u00f3 y la casa se baj\u00f3 un metro, cuando el r\u00edo se desborda no podemos ni salir\u201d, exclam\u00f3 Douglas V\u00e9lez, quien est\u00e1 liderando al grupo de habitantes que se benefician con la obra que, adem\u00e1s, abarca a recintos como La Esperanza, La Fortuna y Bermejo del Frente.<\/span><\/p>\n<p><span style=\"font-weight: 400;\">Estas obras preventivas de la Prefectura Ciudadana del Guayas se enmarcan en el plan de mitigaci\u00f3n del Fen\u00f3meno de El Ni\u00f1o. El viceprefecto Serrano, acompa\u00f1ado del alcalde Ubaldo Urquizo, inspeccion\u00f3 la obra. Expres\u00f3 que la situaci\u00f3n es similar en todos los cantones del Guayas y que se est\u00e1 atendiendo en funci\u00f3n de la vulnerabilidad de cada zona.\u00a0<\/span><\/p>\n<p><span style=\"font-weight: 400;\">Verific\u00f3 tambi\u00e9n c\u00f3mo avanzan los trabajos de reconformaci\u00f3n desde la T de Salitre hasta la T de Baba. Alrededor de nueve kil\u00f3metros de la v\u00eda estaban totalmente destruidos, y hoy los veh\u00edculos ya cuentan con gran parte del camino habilitado.\u00a0<\/span><\/p>\n<p><span style=\"font-weight: 400;\">En los trabajos que se cumplen en ambos sectores existen alrededor de 8 mil personas beneficiadas, en especial agricultores de arroz. <\/span><\/p>\n","protected":false},"excerpt":{"rendered":"<p>Guayaquil.- La ma\u00f1ana de este mi\u00e9rcoles 23 de agosto, Miguel Carpio observaba c\u00f3mo una volqueta desalojaba grandes piedras que son parte del material para reforzar el fr\u00e1gil muro de gaviones en el recinto Bermejo de Abajo, en Santa Luc\u00eda, que, poco a poco, hab\u00eda cedido con la crecida del r\u00edo Daule.\u00a0 Hace un mes, el [&hellip;]<\/p>\n","protected":false},"author":2,"featured_media":3167,"comment_status":"open","ping_status":"closed","sticky":false,"template":"","format":"standard","meta":{"_jetpack_memberships_contains_paid_content":false,"footnotes":""},"categories":[13],"tags":[415],"class_list":["post-3166","post","type-post","status-publish","format-standard","has-post-thumbnail","hentry","category-noticias-nacionales","tag-prefectura-ciudadana-del-guayas"],"jetpack_featured_media_url":"https:\/\/radiocresatelital.com\/wp-content\/uploads\/2023\/08\/AMF_2978-scaled.jpg","jetpack_sharing_enabled":true,"_links":{"self":[{"href":"https:\/\/radiocresatelital.com\/index.php?rest_route=\/wp\/v2\/posts\/3166","targetHints":{"allow":["GET"]}}],"collection":[{"href":"https:\/\/radiocresatelital.com\/index.php?rest_route=\/wp\/v2\/posts"}],"about":[{"href":"https:\/\/radiocresatelital.com\/index.php?rest_route=\/wp\/v2\/types\/post"}],"author":[{"embeddable":true,"href":"https:\/\/radiocresatelital.com\/index.php?rest_route=\/wp\/v2\/users\/2"}],"replies":[{"embeddable":true,"href":"https:\/\/radiocresatelital.com\/index.php?rest_route=%2Fwp%2Fv2%2Fcomments&post=3166"}],"version-history":[{"count":1,"href":"https:\/\/radiocresatelital.com\/index.php?rest_route=\/wp\/v2\/posts\/3166\/revisions"}],"predecessor-version":[{"id":3168,"href":"https:\/\/radiocresatelital.com\/index.php?rest_route=\/wp\/v2\/posts\/3166\/revisions\/3168"}],"wp:featuredmedia":[{"embeddable":true,"href":"https:\/\/radiocresatelital.com\/index.php?rest_route=\/wp\/v2\/media\/3167"}],"wp:attachment":[{"href":"https:\/\/radiocresatelital.com\/index.php?rest_route=%2Fwp%2Fv2%2Fmedia&parent=3166"}],"wp:term":[{"taxonomy":"category","embeddable":true,"href":"https:\/\/radiocresatelital.com\/index.php?rest_route=%2Fwp%2Fv2%2Fcategories&post=3166"},{"taxonomy":"post_tag","embeddable":true,"href":"https:\/\/radiocresatelital.com\/index.php?rest_route=%2Fwp%2Fv2%2Ftags&post=3166"}],"curies":[{"name":"wp","href":"https:\/\/api.w.org\/{rel}","templated":true}]}}