{"id":31652,"date":"2025-07-10T20:14:06","date_gmt":"2025-07-10T20:14:06","guid":{"rendered":"https:\/\/radiocresatelital.com\/?p=31652"},"modified":"2025-07-10T20:14:06","modified_gmt":"2025-07-10T20:14:06","slug":"inicio-el-iv-nacional-g3-de-14-y-18-anos-en-el-centro-nacional-fet","status":"publish","type":"post","link":"https:\/\/radiocresatelital.com\/?p=31652","title":{"rendered":"Inici\u00f3 el IV Nacional G3 de 14 y 18 a\u00f1os en el Centro Nacional FET"},"content":{"rendered":"<p>Guayaquil.\/ Arranc\u00f3 este mi\u00e9rcoles 9 de julio, en el Centro Nacional de la FET (Lomas de Urdesa) la primera jornada del IV Torneo Nacional Grado 3, categor\u00edas 14 y 18 a\u00f1os (damas y varones), que es parte del Circuito Ecuatoriano Juvenil que impulsa la Federaci\u00f3n Ecuatoriana de Tenis.<\/p>\n<p>En esta jornada se cumplieron partidos de qualy de la categor\u00eda 14 a\u00f1os varones, donde se definieron los 8 tenistas que acceder\u00edan al cuadro principal. Adem\u00e1s, se inici\u00f3 la primera ronda del cuadro principal de la misma categor\u00eda.<\/p>\n<p>Los resultados de qualy fueron: Jorge \u00cd\u00f1iguez (Guayas) venci\u00f3 a Carlos Toledo (Guayas) 6-3, 0-6, [10-3]. David Delgado (Azuay) a Enzo Andrade (Guayas) 6-2, 6-1. Jeremy Reyes (Guayas) a Andr\u00e9s Loayza (El Oro) w.o. Pablo Chuquilla (Santo Domingo) a Enrique G\u00f3mez (Guayas) 6-0, 6-0.<\/p>\n<p>Reyner Isaac Romero (Guayas) a Andr\u00e9s Ram\u00edrez (Guayas) 7-6(3), 6-0. Santiago Ballerino (Guayas) a Luigi Benincasa (Manab\u00ed) 6-4, 6-3. Leonardo Bigan (Guayas) a Luis Aldaz (Guayas) 6-0, 6-0. Juan Ortega (Guayas) a Reyner Joshua Romero (Guayas) 6-0, 6-0.<\/p>\n<p>Cuadro principal<br \/>\nEn los resultados que destacaron en el inicio del cuadro principal constan: Est\u00e9fano Soriano (Guayas) derrot\u00f3 a Aldo Francesco Zerega (Guayas) 6-2, 6-2, Gast\u00f3n Bigan (Guayas) a Fabian C\u00e1rdenas (Los R\u00edos) 6-0, 6-1. Mateo Alvarado (Guayas) a Carlos Aguilar (Los R\u00edos) 6-1, 6-4. V\u00edctor Delgado (Manab\u00ed) a Joaqu\u00edn Ter\u00e1n (Guayas) 6-0, 6-0.<\/p>\n<p>Para la jornada del jueves 10 de julio, desde las 09h00, est\u00e1n programados 36 partidos de la categor\u00eda 14 a\u00f1os singles (damas y varones) y dobles varones. La categor\u00eda 18 a\u00f1os damas arrancar\u00e1 el viernes 11 de julio.<\/p>\n<p>En el Ibarra Tennis y Country Club tambi\u00e9n se cumple el IV Torneo Nacional G3 donde est\u00e1n aproximadamente 80 tenistas de Pichincha, Imbabura, Santo Domingo Tungurahua y Guayas.<\/p>\n","protected":false},"excerpt":{"rendered":"<p>Guayaquil.\/ Arranc\u00f3 este mi\u00e9rcoles 9 de julio, en el Centro Nacional de la FET (Lomas de Urdesa) la primera jornada del IV Torneo Nacional Grado 3, categor\u00edas 14 y 18 a\u00f1os (damas y varones), que es parte del Circuito Ecuatoriano Juvenil que impulsa la Federaci\u00f3n Ecuatoriana de Tenis. En esta jornada se cumplieron partidos de [&hellip;]<\/p>\n","protected":false},"author":2,"featured_media":31653,"comment_status":"open","ping_status":"closed","sticky":false,"template":"","format":"standard","meta":{"_jetpack_memberships_contains_paid_content":false,"footnotes":""},"categories":[9,64],"tags":[5053],"class_list":["post-31652","post","type-post","status-publish","format-standard","has-post-thumbnail","hentry","category-deportes","category-tenis","tag-iv-torneo-nacional-grado-3"],"jetpack_featured_media_url":"https:\/\/radiocresatelital.com\/wp-content\/uploads\/2025\/07\/WhatsApp-Image-2025-07-09-at-20.15.35.jpeg","jetpack_sharing_enabled":true,"_links":{"self":[{"href":"https:\/\/radiocresatelital.com\/index.php?rest_route=\/wp\/v2\/posts\/31652","targetHints":{"allow":["GET"]}}],"collection":[{"href":"https:\/\/radiocresatelital.com\/index.php?rest_route=\/wp\/v2\/posts"}],"about":[{"href":"https:\/\/radiocresatelital.com\/index.php?rest_route=\/wp\/v2\/types\/post"}],"author":[{"embeddable":true,"href":"https:\/\/radiocresatelital.com\/index.php?rest_route=\/wp\/v2\/users\/2"}],"replies":[{"embeddable":true,"href":"https:\/\/radiocresatelital.com\/index.php?rest_route=%2Fwp%2Fv2%2Fcomments&post=31652"}],"version-history":[{"count":1,"href":"https:\/\/radiocresatelital.com\/index.php?rest_route=\/wp\/v2\/posts\/31652\/revisions"}],"predecessor-version":[{"id":31654,"href":"https:\/\/radiocresatelital.com\/index.php?rest_route=\/wp\/v2\/posts\/31652\/revisions\/31654"}],"wp:featuredmedia":[{"embeddable":true,"href":"https:\/\/radiocresatelital.com\/index.php?rest_route=\/wp\/v2\/media\/31653"}],"wp:attachment":[{"href":"https:\/\/radiocresatelital.com\/index.php?rest_route=%2Fwp%2Fv2%2Fmedia&parent=31652"}],"wp:term":[{"taxonomy":"category","embeddable":true,"href":"https:\/\/radiocresatelital.com\/index.php?rest_route=%2Fwp%2Fv2%2Fcategories&post=31652"},{"taxonomy":"post_tag","embeddable":true,"href":"https:\/\/radiocresatelital.com\/index.php?rest_route=%2Fwp%2Fv2%2Ftags&post=31652"}],"curies":[{"name":"wp","href":"https:\/\/api.w.org\/{rel}","templated":true}]}}