{"id":31651,"date":"2025-07-10T20:19:29","date_gmt":"2025-07-10T20:19:29","guid":{"rendered":"https:\/\/radiocresatelital.com\/?p=31651"},"modified":"2025-07-10T20:19:29","modified_gmt":"2025-07-10T20:19:29","slug":"amanda-anisimova-llega-a-la-final-de-wimbledon-al-derrotar-a-la-bielorrusa-aryna-sabalenka","status":"publish","type":"post","link":"https:\/\/radiocresatelital.com\/?p=31651","title":{"rendered":"Amanda Anisimova llega a la final de Wimbledon al derrotar a la bielorrusa Aryna Sabalenka"},"content":{"rendered":"<p>Londres.- La tenista de Estados Unidos, Amanda Anisimova se ha clasificado a la final de Wimbledon al derrotar por dos set a uno a la bielorrusa Aryna Sabalenka, actual n\u00famero uno del mundo.<\/p>\n<p>La decimotercera del ranking femenino se impuso por 6-4, 4-6 y 6-4 al cabo de dos horas y 37 minutos en un partido que estuv interrumpido en dos ocasiones en el primer set por la indisposici\u00f3n que sufrieron sendos espectadores debido a las altas temperaturas.<\/p>\n<p id=\"ob\">Sabalenka se mostr\u00f3 solidaria en ambas ocasiones acerc\u00e1ndoles agua y hielo, un gesto que mereci\u00f3 el cerrado aplauso del p\u00fablico en la Cancha Central del All England.<\/p>\n<p>Menos solidaria con ella result\u00f3 Anisimova, que la derrot\u00f3 por sexta ocasi\u00f3n en nueve enfrentamientos y le impidi\u00f3 sacarse la espina tras haber igualado sus mejores actuaciones en este torneo, en el que la bielorrusa tambi\u00e9n hab\u00eda sido semifinalista en 2021 y 2023.<\/p>\n<p><img decoding=\"async\" src=\"https:\/\/photo-resizer.fek.pulselive.com\/resources\/photos\/images\/polls\/86d7ad92-3289-4703-a7c8-8c52558d52ef\/questions\/328502\/options\/331803\/option?width=840&amp;tenant=wta\" alt=\"Anisimova o Sabalenka? Defendiendo a las semifinalistas de la mitad  superior del cuadro de Wimbledon\" \/><\/p>\n<p>Esta fue su primera victoria sobre c\u00e9sped ante la actual n\u00famero uno, campeona de Australia en 2023 y en 2024, del US Open en 2024 y finalista este a\u00f1o en Roland Garros, que no pudo romper el \u00abmaleficio\u00bb en el All England y choc\u00f3 con una rival que llega en alza.<\/p>\n<p>La estadounidense, de 23 a\u00f1os, es la primera tenista nacida en este siglo en alcanzar la final en Wimbledon y espera ahora para conocer a su rival en el duelo por la corona, que ser\u00e1 la vencedora del partido que animaban a continuaci\u00f3n la polaca Iga Swiatek (4) y la suiza Belinda Bencic (35).<\/p>\n","protected":false},"excerpt":{"rendered":"<p>Londres.- La tenista de Estados Unidos, Amanda Anisimova se ha clasificado a la final de Wimbledon al derrotar por dos set a uno a la bielorrusa Aryna Sabalenka, actual n\u00famero uno del mundo. La decimotercera del ranking femenino se impuso por 6-4, 4-6 y 6-4 al cabo de dos horas y 37 minutos en un [&hellip;]<\/p>\n","protected":false},"author":2,"featured_media":31656,"comment_status":"open","ping_status":"closed","sticky":false,"template":"","format":"standard","meta":{"_jetpack_memberships_contains_paid_content":false,"footnotes":""},"categories":[9,64],"tags":[5054],"class_list":["post-31651","post","type-post","status-publish","format-standard","has-post-thumbnail","hentry","category-deportes","category-tenis","tag-amanda-anisimova"],"jetpack_featured_media_url":"https:\/\/radiocresatelital.com\/wp-content\/uploads\/2025\/07\/amanda-anisimova.webp","jetpack_sharing_enabled":true,"_links":{"self":[{"href":"https:\/\/radiocresatelital.com\/index.php?rest_route=\/wp\/v2\/posts\/31651","targetHints":{"allow":["GET"]}}],"collection":[{"href":"https:\/\/radiocresatelital.com\/index.php?rest_route=\/wp\/v2\/posts"}],"about":[{"href":"https:\/\/radiocresatelital.com\/index.php?rest_route=\/wp\/v2\/types\/post"}],"author":[{"embeddable":true,"href":"https:\/\/radiocresatelital.com\/index.php?rest_route=\/wp\/v2\/users\/2"}],"replies":[{"embeddable":true,"href":"https:\/\/radiocresatelital.com\/index.php?rest_route=%2Fwp%2Fv2%2Fcomments&post=31651"}],"version-history":[{"count":2,"href":"https:\/\/radiocresatelital.com\/index.php?rest_route=\/wp\/v2\/posts\/31651\/revisions"}],"predecessor-version":[{"id":31657,"href":"https:\/\/radiocresatelital.com\/index.php?rest_route=\/wp\/v2\/posts\/31651\/revisions\/31657"}],"wp:featuredmedia":[{"embeddable":true,"href":"https:\/\/radiocresatelital.com\/index.php?rest_route=\/wp\/v2\/media\/31656"}],"wp:attachment":[{"href":"https:\/\/radiocresatelital.com\/index.php?rest_route=%2Fwp%2Fv2%2Fmedia&parent=31651"}],"wp:term":[{"taxonomy":"category","embeddable":true,"href":"https:\/\/radiocresatelital.com\/index.php?rest_route=%2Fwp%2Fv2%2Fcategories&post=31651"},{"taxonomy":"post_tag","embeddable":true,"href":"https:\/\/radiocresatelital.com\/index.php?rest_route=%2Fwp%2Fv2%2Ftags&post=31651"}],"curies":[{"name":"wp","href":"https:\/\/api.w.org\/{rel}","templated":true}]}}