{"id":31614,"date":"2025-07-09T20:00:15","date_gmt":"2025-07-09T20:00:15","guid":{"rendered":"https:\/\/radiocresatelital.com\/?p=31614"},"modified":"2025-07-09T23:02:23","modified_gmt":"2025-07-09T23:02:23","slug":"jetour-inaugura-nueva-plaza-automotriz-en-tumbaco-y-presenta-su-linea-hibrida-en-ecuador","status":"publish","type":"post","link":"https:\/\/radiocresatelital.com\/?p=31614","title":{"rendered":"Jetour inaugura nueva plaza automotriz en Tumbaco y presenta su l\u00ednea h\u00edbrida en Ecuador"},"content":{"rendered":"<p>Quito.- Jetour, la marca de veh\u00edculos respaldada por Grupo Rold\u00e1n, inaugur\u00f3 su nueva plaza automotriz en Tumbaco, en un evento que reuni\u00f3 a aliados estrat\u00e9gicos para presentar una propuesta conectada, integral y pensada para el futuro.<\/p>\n<p>Este nuevo punto de atenci\u00f3n est\u00e1 dise\u00f1ado para ofrecer una experiencia al cliente completa, integrando talleres mec\u00e1nicos, servicio postventa y showroom bajo un mismo techo. El objetivo: garantizar un acompa\u00f1amiento premium desde la compra hasta el mantenimiento, con altos est\u00e1ndares de atenci\u00f3n, eficiencia y respaldo.<\/p>\n<p>Esta nueva plaza automotriz forma parte del plan de expansi\u00f3n de Grupo Rold\u00e1n, un holding ecuatoriano con m\u00e1s de 50 a\u00f1os de trayectoria en el sector automotor. La marca realiz\u00f3 una inversi\u00f3n aproximada de USD 5 millones, y se estima que gener\u00f3 200 nuevas plazas de empleo directo e indirecto, aportando as\u00ed al desarrollo econ\u00f3mico local de la zona.<\/p>\n<p>\u201cCon esta apertura, reafirmamos nuestra apuesta por el pa\u00eds y nuestra visi\u00f3n de marca: ofrecer veh\u00edculos de alto desempe\u00f1o, tecnolog\u00eda de vanguardia y un servicio integral que acompa\u00f1e al cliente en todo el camino\u201d, se\u00f1al\u00f3 Juan Carlos Rold\u00e1n, Presidente Ejecutivo de Grupo Rold\u00e1n.<\/p>\n<p>Como parte de su estrategia para responder a las tendencias globales y a la creciente demanda local de soluciones de movilidad m\u00e1s responsables y tecnol\u00f3gicamente avanzadas, Jetour present\u00f3 de manera oficial su nueva l\u00ednea de veh\u00edculos h\u00edbridos, que marca un paso importante en la visi\u00f3n sostenible de la marca. Los nuevos modelos son:<\/p>\n<p>\u2981 T2 PLUG -IN HYBRID<br \/>\n\u2981 T1<\/p>\n<p>Jetour impulsa el concepto \u201cApuesta por ti\u201d, una declaraci\u00f3n que invita a los usuarios a romper las reglas, creer en s\u00ed mismos y elegir veh\u00edculos que reflejen su estilo, sus decisiones y su visi\u00f3n de vida. Esta campa\u00f1a refuerza el prop\u00f3sito de la marca de ofrecer autos que emocionan, combinando tecnolog\u00eda, dise\u00f1o y respaldo, y conectando con aquellos que ven a su veh\u00edculo como una extensi\u00f3n de qui\u00e9nes son.<br \/>\nJetour se destaca en el mercado ecuatoriano por:<\/p>\n<p>\u2981 Una amplia oferta de modelos SUV, que va desde opciones familiares hasta veh\u00edculos de aventura como el Jetour Traveller T2, un 4&#215;4 moderno y robusto.<br \/>\n\u2981 Un enfoque en tecnolog\u00eda, confort y seguridad, con motores turbo, pantallas inteligentes, m\u00faltiples modos de manejo y acabados de lujo.<br \/>\n\u2981 Una propuesta de movilidad premium con respaldo local, gracias al liderazgo y la experiencia de Grupo Rold\u00e1n.<\/p>\n<p>Con este paso, Jetour, una marca de origen chino con presencia global, fortalece su posicionamiento en la movilidad premium, accesible y con visi\u00f3n global, reafirmando su compromiso de seguir impulsando la evoluci\u00f3n del sector automotor en Ecuador y generando conexi\u00f3n con nuevas audiencias: familias j\u00f3venes, conductores que priorizan la eficiencia y usuarios que buscan una experiencia automotriz completa en un solo lugar.<\/p>\n","protected":false},"excerpt":{"rendered":"<p>Quito.- Jetour, la marca de veh\u00edculos respaldada por Grupo Rold\u00e1n, inaugur\u00f3 su nueva plaza automotriz en Tumbaco, en un evento que reuni\u00f3 a aliados estrat\u00e9gicos para presentar una propuesta conectada, integral y pensada para el futuro. Este nuevo punto de atenci\u00f3n est\u00e1 dise\u00f1ado para ofrecer una experiencia al cliente completa, integrando talleres mec\u00e1nicos, servicio postventa [&hellip;]<\/p>\n","protected":false},"author":2,"featured_media":31615,"comment_status":"open","ping_status":"closed","sticky":false,"template":"","format":"standard","meta":{"_jetpack_memberships_contains_paid_content":false,"footnotes":""},"categories":[2725],"tags":[5046,5045],"class_list":["post-31614","post","type-post","status-publish","format-standard","has-post-thumbnail","hentry","category-automotriz","tag-grupo-roldan","tag-jetour"],"jetpack_featured_media_url":"https:\/\/radiocresatelital.com\/wp-content\/uploads\/2025\/07\/Grupo-Roldan.jpg","jetpack_sharing_enabled":true,"_links":{"self":[{"href":"https:\/\/radiocresatelital.com\/index.php?rest_route=\/wp\/v2\/posts\/31614","targetHints":{"allow":["GET"]}}],"collection":[{"href":"https:\/\/radiocresatelital.com\/index.php?rest_route=\/wp\/v2\/posts"}],"about":[{"href":"https:\/\/radiocresatelital.com\/index.php?rest_route=\/wp\/v2\/types\/post"}],"author":[{"embeddable":true,"href":"https:\/\/radiocresatelital.com\/index.php?rest_route=\/wp\/v2\/users\/2"}],"replies":[{"embeddable":true,"href":"https:\/\/radiocresatelital.com\/index.php?rest_route=%2Fwp%2Fv2%2Fcomments&post=31614"}],"version-history":[{"count":1,"href":"https:\/\/radiocresatelital.com\/index.php?rest_route=\/wp\/v2\/posts\/31614\/revisions"}],"predecessor-version":[{"id":31616,"href":"https:\/\/radiocresatelital.com\/index.php?rest_route=\/wp\/v2\/posts\/31614\/revisions\/31616"}],"wp:featuredmedia":[{"embeddable":true,"href":"https:\/\/radiocresatelital.com\/index.php?rest_route=\/wp\/v2\/media\/31615"}],"wp:attachment":[{"href":"https:\/\/radiocresatelital.com\/index.php?rest_route=%2Fwp%2Fv2%2Fmedia&parent=31614"}],"wp:term":[{"taxonomy":"category","embeddable":true,"href":"https:\/\/radiocresatelital.com\/index.php?rest_route=%2Fwp%2Fv2%2Fcategories&post=31614"},{"taxonomy":"post_tag","embeddable":true,"href":"https:\/\/radiocresatelital.com\/index.php?rest_route=%2Fwp%2Fv2%2Ftags&post=31614"}],"curies":[{"name":"wp","href":"https:\/\/api.w.org\/{rel}","templated":true}]}}