{"id":31355,"date":"2025-07-06T18:53:47","date_gmt":"2025-07-06T18:53:47","guid":{"rendered":"https:\/\/radiocresatelital.com\/?p=31355"},"modified":"2025-07-06T18:53:47","modified_gmt":"2025-07-06T18:53:47","slug":"jamal-musiala-sera-operado-por-fractura-de-perone-de-su-pierna-izquierda","status":"publish","type":"post","link":"https:\/\/radiocresatelital.com\/?p=31355","title":{"rendered":"Jamal Musiala ser\u00e1 operado por fractura de peron\u00e9 de su pierna izquierda"},"content":{"rendered":"<p>M\u00fanich.- El equipo alem\u00e1n, Bayern M\u00fanich ha comunicado que el jugador Jamal Musiala ser\u00e1 intervenido quir\u00fargicamente \u00aben las pr\u00f3ximas horas\u00bb luego que ha sufrido una lesi\u00f3n en su pierna izquierda donde existe una fractura de peron\u00e9 y una luxaci\u00f3n de tobillo cuando disputaba el compromiso ante PSG por los cuartos de final del Mundial de Clubes.<\/p>\n<p>\u00abJamal Musiala sufri\u00f3 una fractura en el peron\u00e9 izquierdo y estar\u00e1 de baja durante un largo tiempo\u00bb, se lee en un comunicado emitido por Bayern M\u00fanich al d\u00eda siguiente del partido contra PSG disputado en el Mercedes-Benz Stadium de Atlanta.<\/p>\n<p>Musiala, de 22 a\u00f1os, debi\u00f3 ser retirado en camilla al t\u00e9rmino de la etapa inicial tras haber impactado contra el arquero italiano del PSG, Gianluigi Donnarumma, en la disputa por el bal\u00f3n.<\/p>\n<p>\u00abEsta grave lesi\u00f3n y la larga ausencia son un verdadero shock para Jamal y para todos nosotros\u00bb, declar\u00f3 el director deportivo del Bayern M\u00fanich, Max Eberl.<\/p>\n<p>La prensa alemana public\u00f3 que Musiala deber\u00e1 permanecer inactivo entre cuatro y cinco meses, aunque Bayern M\u00fanich, campe\u00f3n de la Bundesliga 2024-25, planea ofrecer m\u00e1s detalles luego de los estudios a los que someter\u00e1 al delantero tras el retorno de la delegaci\u00f3n a su pa\u00eds.<\/p>\n<p><img decoding=\"async\" class=\"aligncenter\" src=\"https:\/\/www.ansalatina.com\/webimages\/news_base\/2025\/7\/5\/164c68cc1132e9afaf76f8562e6e16e8.jpg\" alt=\"\u00a9 ANSA\/EPA\" \/><br \/>\n\u00abJamal es muy importante para nuestro juego y por el papel fundamental que desempe\u00f1a en el equipo. Y luego est\u00e1 el impacto psicol\u00f3gico.\u00a0Todos lo sentimos por \u00e9l\u00bb, agreg\u00f3 Eberl.<\/p>\n<p>De la rehabilitaci\u00f3n de Musiala, quien recientemente se hab\u00eda recuperado de una lesi\u00f3n muscular, estar\u00e1 pendiente el DT de Alemania, Julian Nagelsmann, pensando en la clasificaci\u00f3n al Mundial 2026.<\/p>\n<p>\u00abTodas mis plegarias y buenos augurios son para t\u00ed, Jamal Musiala\u00bb, expres\u00f3 Donnarumma en redes sociales tras el partido, mientras que Manuel Neuer, capit\u00e1n y arquero del Bayern M\u00fanich, lo responsabiliz\u00f3 por la lesi\u00f3n de su compa\u00f1ero.<\/p>\n<p>En cambio, el arquero belga del Real Madrid, Thibaut Courtois, respald\u00f3 a su colega italiano: \u00abecharle la culpa a Donnarumma me parece exagerado\u00bb, consider\u00f3.<\/p>\n<p>\u00abLos arqueros buscamos el bal\u00f3n, e incluso los delanteros no dudan en apuntarnos directamente. Fue mala suerte\u00bb, asever\u00f3 Courtois tras la victoria por 3-2 del Real Madrid ante Borussia Dortmund en otro duelo de cuartos de final del Mundial de Clubes 2025.<\/p>\n<p>Real Madrid enfrentar\u00e1 el martes 8 al PSG en la segunda semifinal del torneo en disputa en Estados Unidos en un duelo previsto en el MetLife Stadium de East Rutherford, que un d\u00eda antes albergar\u00e1 la otra llave entre Fluminense y Chelsea.<\/p>\n","protected":false},"excerpt":{"rendered":"<p>M\u00fanich.- El equipo alem\u00e1n, Bayern M\u00fanich ha comunicado que el jugador Jamal Musiala ser\u00e1 intervenido quir\u00fargicamente \u00aben las pr\u00f3ximas horas\u00bb luego que ha sufrido una lesi\u00f3n en su pierna izquierda donde existe una fractura de peron\u00e9 y una luxaci\u00f3n de tobillo cuando disputaba el compromiso ante PSG por los cuartos de final del Mundial de [&hellip;]<\/p>\n","protected":false},"author":2,"featured_media":31356,"comment_status":"open","ping_status":"closed","sticky":false,"template":"","format":"standard","meta":{"_jetpack_memberships_contains_paid_content":false,"footnotes":""},"categories":[7,3162],"tags":[2153,5001],"class_list":["post-31355","post","type-post","status-publish","format-standard","has-post-thumbnail","hentry","category-futbol-internacional","category-mundial-de-clubes-2","tag-bayer-munich","tag-jamal-musiala"],"jetpack_featured_media_url":"https:\/\/radiocresatelital.com\/wp-content\/uploads\/2025\/07\/whatsapp-image-2025-07-05-at-12-11_2290162_20250706102512.jpg","jetpack_sharing_enabled":true,"_links":{"self":[{"href":"https:\/\/radiocresatelital.com\/index.php?rest_route=\/wp\/v2\/posts\/31355","targetHints":{"allow":["GET"]}}],"collection":[{"href":"https:\/\/radiocresatelital.com\/index.php?rest_route=\/wp\/v2\/posts"}],"about":[{"href":"https:\/\/radiocresatelital.com\/index.php?rest_route=\/wp\/v2\/types\/post"}],"author":[{"embeddable":true,"href":"https:\/\/radiocresatelital.com\/index.php?rest_route=\/wp\/v2\/users\/2"}],"replies":[{"embeddable":true,"href":"https:\/\/radiocresatelital.com\/index.php?rest_route=%2Fwp%2Fv2%2Fcomments&post=31355"}],"version-history":[{"count":1,"href":"https:\/\/radiocresatelital.com\/index.php?rest_route=\/wp\/v2\/posts\/31355\/revisions"}],"predecessor-version":[{"id":31357,"href":"https:\/\/radiocresatelital.com\/index.php?rest_route=\/wp\/v2\/posts\/31355\/revisions\/31357"}],"wp:featuredmedia":[{"embeddable":true,"href":"https:\/\/radiocresatelital.com\/index.php?rest_route=\/wp\/v2\/media\/31356"}],"wp:attachment":[{"href":"https:\/\/radiocresatelital.com\/index.php?rest_route=%2Fwp%2Fv2%2Fmedia&parent=31355"}],"wp:term":[{"taxonomy":"category","embeddable":true,"href":"https:\/\/radiocresatelital.com\/index.php?rest_route=%2Fwp%2Fv2%2Fcategories&post=31355"},{"taxonomy":"post_tag","embeddable":true,"href":"https:\/\/radiocresatelital.com\/index.php?rest_route=%2Fwp%2Fv2%2Ftags&post=31355"}],"curies":[{"name":"wp","href":"https:\/\/api.w.org\/{rel}","templated":true}]}}