{"id":31333,"date":"2025-07-05T22:35:02","date_gmt":"2025-07-05T22:35:02","guid":{"rendered":"https:\/\/radiocresatelital.com\/?p=31333"},"modified":"2025-07-05T22:35:02","modified_gmt":"2025-07-05T22:35:02","slug":"guayaquil-celebra-sus-490-anos-con-herencia-guayaca-en-la-playita-del-guasmo-sur","status":"publish","type":"post","link":"https:\/\/radiocresatelital.com\/?p=31333","title":{"rendered":"Guayaquil celebra sus 490 a\u00f1os con herencia Guayaca en la playita del Guasmo Sur"},"content":{"rendered":"<p>Guayaquil.- La Perla del Pac\u00edfico, Guayaquil est\u00e1 de fiesta, y el coraz\u00f3n popular de la ciudad lo celebra con fuerza. En el marco de las Fiestas Julianas 2025, la Gobernaci\u00f3n del Guayas, liderada por Zaida Rovira, llev\u00f3 a cabo una jornada inolvidable en La Playita del Guasmo Sur, donde la cultura, la identidad y el compromiso social se encontraron en un solo espacio: Herencia Guayaca en los Barrios.<\/p>\n<p>Desde las primeras horas del d\u00eda, el sector se llen\u00f3 de vida. Las banderas celeste y blanco ondeaban entre los techos y callejones, mientras los moradores se reun\u00edan para disfrutar de juegos tradicionales como el palo encebado, ensacados, concursos, m\u00fasica en vivo, presentaciones art\u00edsticas y una feria gastron\u00f3mica que hizo brillar a los emprendedores locales con sabores patrimoniales como bollos, ceviches, empanadas, la exquisita fritada y dulces t\u00edpicos.<\/p>\n<p>La Brigada Social por un Nuevo Ecuador, fue el eje fundamental de esta celebraci\u00f3n, con la participaci\u00f3n de m\u00e1s de 11 instituciones del Estado que ofrecieron atenci\u00f3n integral, asesor\u00eda y afectividad a las familias del sector.<\/p>\n<p>El Ministerio de Inclusi\u00f3n Econ\u00f3mica y Social (MIES), Ministerio de Salud P\u00fablica, Ministerio de Educaci\u00f3n, Ministerio de la Mujer, Ministerio del Deporte, Registro Civil, CNT, entre otros, brindaron servicios m\u00e9dicos,<br \/>\norientaci\u00f3n sobre programas sociales, tr\u00e1mites ciudadanos y espacios de escucha activa. Cada sonrisa fue testigo de que el Estado estuvo presente.<\/p>\n<p><img decoding=\"async\" src=\"https:\/\/guayaquil.gob.ec\/wp-content\/uploads\/2024\/07\/pregon-civico-abrio-festividades-julianas-conmemoracion-fundacion-guayaquil17.jpg\" alt=\"Preg\u00f3n c\u00edvico abri\u00f3 las festividades julianas en conmemoraci\u00f3n de los 489  a\u00f1os de Fundaci\u00f3n de Guayaquil \u2013 Alcald\u00eda de Guayaquil\" \/><\/p>\n<p>La jornada tambi\u00e9n incluy\u00f3 una exhibici\u00f3n de canes de la Polic\u00eda Nacional que se convirti\u00f3 en el principal atractivo, recibiendo los aplausos de todos los presentes, emocionando a grandes y chicos.<\/p>\n<p>Y bailes populares al son de las bandas de la Polic\u00eda Nacional y la Comisi\u00f3n de Tr\u00e1nsito del Ecuador, que animaron con m\u00fasica y alegr\u00eda a los vecinos, elevando el esp\u00edritu guayaco en cada rinc\u00f3n.<\/p>\n<p>Adem\u00e1s, cont\u00f3 con la presencia de autoridades nacionales y asamble\u00edstas, as\u00ed como del jefe Pol\u00edtico de Guayaquil, Juan Diego Tandazo; el intendente de Polic\u00eda, Daniel Rivadeneira; dirigentes barriales y coordinadores zonales, quienes se sumaron a la fiesta reafirmando el compromiso institucional con los sectores populares.<\/p>\n<p>La gobernadora Zaida Rovira, quien lider\u00f3 esta gran jornada comunitaria, destac\u00f3: \u201cEl Gobierno del Nuevo Ecuador cree en los barrios, cree en la gente y trabaja para llegar a cada rinc\u00f3n con acciones concretas y un profundo sentido social.\u201d Y agreg\u00f3 con emoci\u00f3n: \u201cGuayaquil no tiene tiempo que perder y estas celebraciones nos recuerdan que todos somos parte de esta gran ciudad.\u201d<\/p>\n<p>El evento tambi\u00e9n dej\u00f3 huella en los corazones de los moradores. \u201cEstamos felices y agradecidos porque por fin tomaron en cuenta a nuestro barrio. Gracias a la gobernadora y al presidente por traer alegr\u00eda, servicios y esperanza a La Playita del Guasmo\u201d, expres\u00f3 con entusiasmo do\u00f1a Carmen, vecina del sector.<\/p>\n<p>Herencia Guayaca continuar\u00e1 su recorrido por los barrios, y el pr\u00f3ximo destino ser\u00e1 Monte Sina\u00ed, el 12 de julio, donde se espera otra jornada de integraci\u00f3n, cultura y servicios. Con el respaldo del Gobierno del presidente Daniel Noboa, estas actividades reflejan el compromiso con el desarrollo, la inclusi\u00f3n y el progreso de Guayaquil.<\/p>\n<p>Porque en cada calle, cada bandera y cada abrazo, la herencia guayaca se vive, se celebra y se comparte. Guayaquil est\u00e1 de fiesta, y su gente lo hace inolvidable.<\/p>\n","protected":false},"excerpt":{"rendered":"<p>Guayaquil.- La Perla del Pac\u00edfico, Guayaquil est\u00e1 de fiesta, y el coraz\u00f3n popular de la ciudad lo celebra con fuerza. En el marco de las Fiestas Julianas 2025, la Gobernaci\u00f3n del Guayas, liderada por Zaida Rovira, llev\u00f3 a cabo una jornada inolvidable en La Playita del Guasmo Sur, donde la cultura, la identidad y el [&hellip;]<\/p>\n","protected":false},"author":2,"featured_media":31334,"comment_status":"open","ping_status":"closed","sticky":false,"template":"","format":"standard","meta":{"footnotes":""},"categories":[33,13],"tags":[147,964],"class_list":["post-31333","post","type-post","status-publish","format-standard","has-post-thumbnail","hentry","category-guayaquil","category-noticias-nacionales","tag-fiestas-julianas","tag-gobernacion-del-guayas"],"_links":{"self":[{"href":"https:\/\/radiocresatelital.com\/index.php?rest_route=\/wp\/v2\/posts\/31333","targetHints":{"allow":["GET"]}}],"collection":[{"href":"https:\/\/radiocresatelital.com\/index.php?rest_route=\/wp\/v2\/posts"}],"about":[{"href":"https:\/\/radiocresatelital.com\/index.php?rest_route=\/wp\/v2\/types\/post"}],"author":[{"embeddable":true,"href":"https:\/\/radiocresatelital.com\/index.php?rest_route=\/wp\/v2\/users\/2"}],"replies":[{"embeddable":true,"href":"https:\/\/radiocresatelital.com\/index.php?rest_route=%2Fwp%2Fv2%2Fcomments&post=31333"}],"version-history":[{"count":1,"href":"https:\/\/radiocresatelital.com\/index.php?rest_route=\/wp\/v2\/posts\/31333\/revisions"}],"predecessor-version":[{"id":31335,"href":"https:\/\/radiocresatelital.com\/index.php?rest_route=\/wp\/v2\/posts\/31333\/revisions\/31335"}],"wp:featuredmedia":[{"embeddable":true,"href":"https:\/\/radiocresatelital.com\/index.php?rest_route=\/wp\/v2\/media\/31334"}],"wp:attachment":[{"href":"https:\/\/radiocresatelital.com\/index.php?rest_route=%2Fwp%2Fv2%2Fmedia&parent=31333"}],"wp:term":[{"taxonomy":"category","embeddable":true,"href":"https:\/\/radiocresatelital.com\/index.php?rest_route=%2Fwp%2Fv2%2Fcategories&post=31333"},{"taxonomy":"post_tag","embeddable":true,"href":"https:\/\/radiocresatelital.com\/index.php?rest_route=%2Fwp%2Fv2%2Ftags&post=31333"}],"curies":[{"name":"wp","href":"https:\/\/api.w.org\/{rel}","templated":true}]}}