{"id":31292,"date":"2025-07-04T21:50:15","date_gmt":"2025-07-04T21:50:15","guid":{"rendered":"https:\/\/radiocresatelital.com\/?p=31292"},"modified":"2025-07-04T21:50:15","modified_gmt":"2025-07-04T21:50:15","slug":"vicepresidenta-maria-jose-pinto-concluye-visita-oficial-a-argentina-con-agenda-centrada-en-salud-mental-desarrollo-infantil-y-lucha-contra-la-desnutricion","status":"publish","type":"post","link":"https:\/\/radiocresatelital.com\/?p=31292","title":{"rendered":"Vicepresidenta Mar\u00eda Jos\u00e9 Pinto concluye visita oficial a Argentina con agenda centrada en salud mental, desarrollo infantil y lucha contra la desnutrici\u00f3n"},"content":{"rendered":"<p>Buenos Aires.- La Vicepresidenta de la Rep\u00fablica del Ecuador, Mar\u00eda Jos\u00e9 Pinto, concluy\u00f3 este viernes su visita oficial a Argentina, donde desarroll\u00f3 una significativa agenda de trabajo enfocada en temas clave como la salud mental, la desnutrici\u00f3n cr\u00f3nica infantil (DCI) y el desarrollo integral de ni\u00f1as, ni\u00f1os y adolescentes.<\/p>\n<p>La segunda mandataria mantuvo una reuni\u00f3n con autoridades de la Direcci\u00f3n Nacional de Abordaje de Salud Mental del Ministerio de Salud de Argentina, con el prop\u00f3sito de conocer de primera mano las pol\u00edticas p\u00fablicas y estrategias implementadas en este \u00e1mbito, as\u00ed como explorar posibilidades de cooperaci\u00f3n bilateral.<\/p>\n<p>Adem\u00e1s, sostuvo encuentros t\u00e9cnicos con representantes de las fundaciones Haciendo Camino y Pata Pila, organizaciones que ejecutan programas comunitarios orientados al desarrollo infantil y la prevenci\u00f3n del embarazo adolescente. La vicepresidenta tambi\u00e9n visit\u00f3 el centro CONIN, referente en Am\u00e9rica Latina en la lucha contra la desnutrici\u00f3n cr\u00f3nica infantil, para conocer su modelo de intervenci\u00f3n y los resultados alcanzados en comunidades vulnerables.<\/p>\n<p><img decoding=\"async\" src=\"https:\/\/ecuadorenvivo.com\/wp-content\/uploads\/2024\/09\/Maria-Jose-Pinto-1.jpg\" alt=\"Mar\u00eda Jos\u00e9 Pinto, empresaria y activista, es la nueva vicepresidenta de  Ecuador - ECUADOR EN VIVO\" \/><\/p>\n<p>Las reuniones mantenidas se centraron en conocer el trabajo que realizan estas instituciones en distintas \u00e1reas de impacto social. Este tipo de intercambios permiten identificar buenas pr\u00e1cticas y aprendizajes que podr\u00edan ser replicados en Ecuador para fortalecer nuestras pol\u00edticas p\u00fablicas.<\/p>\n<p>Esta visita internacional, en representaci\u00f3n del presidente Daniel Noboa, reafirma nuestro compromiso de trabajar en equipo en pos del desarrollo humano, la equidad y el bienestar de las familias ecuatorianas, y marca un paso importante hacia el fortalecimiento de alianzas para mejorar la calidad de vida de la poblaci\u00f3n m\u00e1s vulnerable.<\/p>\n","protected":false},"excerpt":{"rendered":"<p>Buenos Aires.- La Vicepresidenta de la Rep\u00fablica del Ecuador, Mar\u00eda Jos\u00e9 Pinto, concluy\u00f3 este viernes su visita oficial a Argentina, donde desarroll\u00f3 una significativa agenda de trabajo enfocada en temas clave como la salud mental, la desnutrici\u00f3n cr\u00f3nica infantil (DCI) y el desarrollo integral de ni\u00f1as, ni\u00f1os y adolescentes. La segunda mandataria mantuvo una reuni\u00f3n [&hellip;]<\/p>\n","protected":false},"author":2,"featured_media":31293,"comment_status":"open","ping_status":"closed","sticky":false,"template":"","format":"standard","meta":{"footnotes":""},"categories":[13],"tags":[4767,4994],"class_list":["post-31292","post","type-post","status-publish","format-standard","has-post-thumbnail","hentry","category-noticias-nacionales","tag-maria-jose-pinto","tag-vicepresidenta-de-la-republica-del-ecuador"],"_links":{"self":[{"href":"https:\/\/radiocresatelital.com\/index.php?rest_route=\/wp\/v2\/posts\/31292","targetHints":{"allow":["GET"]}}],"collection":[{"href":"https:\/\/radiocresatelital.com\/index.php?rest_route=\/wp\/v2\/posts"}],"about":[{"href":"https:\/\/radiocresatelital.com\/index.php?rest_route=\/wp\/v2\/types\/post"}],"author":[{"embeddable":true,"href":"https:\/\/radiocresatelital.com\/index.php?rest_route=\/wp\/v2\/users\/2"}],"replies":[{"embeddable":true,"href":"https:\/\/radiocresatelital.com\/index.php?rest_route=%2Fwp%2Fv2%2Fcomments&post=31292"}],"version-history":[{"count":1,"href":"https:\/\/radiocresatelital.com\/index.php?rest_route=\/wp\/v2\/posts\/31292\/revisions"}],"predecessor-version":[{"id":31294,"href":"https:\/\/radiocresatelital.com\/index.php?rest_route=\/wp\/v2\/posts\/31292\/revisions\/31294"}],"wp:featuredmedia":[{"embeddable":true,"href":"https:\/\/radiocresatelital.com\/index.php?rest_route=\/wp\/v2\/media\/31293"}],"wp:attachment":[{"href":"https:\/\/radiocresatelital.com\/index.php?rest_route=%2Fwp%2Fv2%2Fmedia&parent=31292"}],"wp:term":[{"taxonomy":"category","embeddable":true,"href":"https:\/\/radiocresatelital.com\/index.php?rest_route=%2Fwp%2Fv2%2Fcategories&post=31292"},{"taxonomy":"post_tag","embeddable":true,"href":"https:\/\/radiocresatelital.com\/index.php?rest_route=%2Fwp%2Fv2%2Ftags&post=31292"}],"curies":[{"name":"wp","href":"https:\/\/api.w.org\/{rel}","templated":true}]}}