{"id":31286,"date":"2025-07-04T18:30:55","date_gmt":"2025-07-04T18:30:55","guid":{"rendered":"https:\/\/radiocresatelital.com\/?p=31286"},"modified":"2025-07-04T21:34:34","modified_gmt":"2025-07-04T21:34:34","slug":"baic-presento-en-autoshow-2025-al-bj30-y-bj60-su-nueva-generacion-hibrida","status":"publish","type":"post","link":"https:\/\/radiocresatelital.com\/?p=31286","title":{"rendered":"BAIC present\u00f3 en Autoshow 2025 al BJ30 y BJ60, su nueva generaci\u00f3n h\u00edbrida"},"content":{"rendered":"<p>Quito.- Este a\u00f1o, el Autoshow 2025 se convirti\u00f3 en un espacio clave para pensar en el futuro de la movilidad. Entre tantas opciones, hay una propuesta que destaca no solo por su tecnolog\u00eda, sino por su manera de conectar con las nuevas formas de vivir, conducir y moverse: los nuevos modelos h\u00edbridos BJ30 y BJ60 de BAIC.<\/p>\n<p>Hoy por hoy, gracias al respaldo de Automotores y Anexos S.A., compa\u00f1\u00eda con m\u00e1s de 60 a\u00f1os de experiencia en el sector automotor ecuatoriano, la marca present\u00f3 estas dos propuestas:<\/p>\n<p><strong>BJ30: EL H\u00cdBRIDO QUE SE ADAPTA A LAS NECESIDADES REALES<\/strong><\/p>\n<p><strong>Motor<\/strong><br \/>\nEl BJ30 sorprende con un sistema h\u00edbrido compuesto por un motor 1.5 turbo a gasolina con transmisi\u00f3n 4X4, acompa\u00f1ado de un sistema el\u00e9ctrico que permite tracci\u00f3n tanto delantera como trasera. El resultado es una potencia conjunta de 403 caballos de fuerza, pensada para quienes enfrentan diversos tipos de trayecto y buscan eficiencia sin sacrificar rendimiento.<\/p>\n<p><strong>Seguridad<\/strong><br \/>\nAsimismo, est\u00e1 equipado con un sistema de seguridad integral que combina tecnolog\u00eda activa y pasiva para proteger a todos los ocupantes. Incorpora frenos ABS, distribuci\u00f3n electr\u00f3nica de frenado (EBD) y un programa de estabilidad electr\u00f3nica (ESP), que juntos brindan mayor control y respuesta ante maniobras imprevistas o terrenos desafiantes.<\/p>\n<p>Cuenta tambi\u00e9n con airbags frontales, laterales y tipo cortina, que reducen significativamente el riesgo de lesiones en caso de colisi\u00f3n. El sistema de control antivuelco (RMI) mejora la estabilidad en curvas cerradas o en situaciones de riesgo, mientras que la alerta de colisi\u00f3n frontal (FCW) y el frenado aut\u00f3nomo de emergencia con detecci\u00f3n de peatones (AEB-P) ofrecen una conducci\u00f3n m\u00e1s segura en entornos urbanos o en tr\u00e1fico denso.<\/p>\n<p><strong>Tecnolog\u00eda<\/strong><br \/>\nSu pantalla digital de 10.25 pulgadas organiza de forma interactiva toda la informaci\u00f3n necesaria al conducir. A esto se suma WiFi integrado, carga inal\u00e1mbrica para celulares y otras herramientas que permiten que el veh\u00edculo se convierta en una extensi\u00f3n inteligente de quien lo conduce.<\/p>\n<p><strong>Dise\u00f1o interno<\/strong><br \/>\nCada trayecto en el BJ30 est\u00e1 dise\u00f1ado para disfrutar al m\u00e1ximo gracias a las soluciones que combinan tecnolog\u00eda y confort: apoyabrazos central con sistema de refrigeraci\u00f3n aporta un plus de comodidad. Adem\u00e1s, la amplitud interior y la ergonom\u00eda de la cabina ofrecen una experiencia superior en todo tipo de viajes.<\/p>\n<p><strong>Dise\u00f1o externo<\/strong><br \/>\nSu dise\u00f1o integra modernidad y funcionalidad en cada detalle: el techo panor\u00e1mico con cortina el\u00e9ctrica aporta luz y amplitud a la cabina, mientras los rines de aluminio bitono y el portaequipaje superior refuerzan su car\u00e1cter vers\u00e1til. A su vez, la altura al piso de 215 mm, mejora la visibilidad y permite afrontar terrenos irregulares con mayor seguridad y confianza.<\/p>\n","protected":false},"excerpt":{"rendered":"<p>Quito.- Este a\u00f1o, el Autoshow 2025 se convirti\u00f3 en un espacio clave para pensar en el futuro de la movilidad. Entre tantas opciones, hay una propuesta que destaca no solo por su tecnolog\u00eda, sino por su manera de conectar con las nuevas formas de vivir, conducir y moverse: los nuevos modelos h\u00edbridos BJ30 y BJ60 [&hellip;]<\/p>\n","protected":false},"author":2,"featured_media":31287,"comment_status":"open","ping_status":"closed","sticky":false,"template":"","format":"standard","meta":{"_jetpack_memberships_contains_paid_content":false,"footnotes":""},"categories":[2725],"tags":[3716,2012],"class_list":["post-31286","post","type-post","status-publish","format-standard","has-post-thumbnail","hentry","category-automotriz","tag-automotores-y-anexos-s-a","tag-baic"],"jetpack_featured_media_url":"https:\/\/radiocresatelital.com\/wp-content\/uploads\/2025\/07\/WhatsApp-Image-2025-07-04-at-15.28.35.jpeg","jetpack_sharing_enabled":true,"_links":{"self":[{"href":"https:\/\/radiocresatelital.com\/index.php?rest_route=\/wp\/v2\/posts\/31286","targetHints":{"allow":["GET"]}}],"collection":[{"href":"https:\/\/radiocresatelital.com\/index.php?rest_route=\/wp\/v2\/posts"}],"about":[{"href":"https:\/\/radiocresatelital.com\/index.php?rest_route=\/wp\/v2\/types\/post"}],"author":[{"embeddable":true,"href":"https:\/\/radiocresatelital.com\/index.php?rest_route=\/wp\/v2\/users\/2"}],"replies":[{"embeddable":true,"href":"https:\/\/radiocresatelital.com\/index.php?rest_route=%2Fwp%2Fv2%2Fcomments&post=31286"}],"version-history":[{"count":1,"href":"https:\/\/radiocresatelital.com\/index.php?rest_route=\/wp\/v2\/posts\/31286\/revisions"}],"predecessor-version":[{"id":31288,"href":"https:\/\/radiocresatelital.com\/index.php?rest_route=\/wp\/v2\/posts\/31286\/revisions\/31288"}],"wp:featuredmedia":[{"embeddable":true,"href":"https:\/\/radiocresatelital.com\/index.php?rest_route=\/wp\/v2\/media\/31287"}],"wp:attachment":[{"href":"https:\/\/radiocresatelital.com\/index.php?rest_route=%2Fwp%2Fv2%2Fmedia&parent=31286"}],"wp:term":[{"taxonomy":"category","embeddable":true,"href":"https:\/\/radiocresatelital.com\/index.php?rest_route=%2Fwp%2Fv2%2Fcategories&post=31286"},{"taxonomy":"post_tag","embeddable":true,"href":"https:\/\/radiocresatelital.com\/index.php?rest_route=%2Fwp%2Fv2%2Ftags&post=31286"}],"curies":[{"name":"wp","href":"https:\/\/api.w.org\/{rel}","templated":true}]}}