{"id":311,"date":"2023-06-24T19:02:34","date_gmt":"2023-06-24T19:02:34","guid":{"rendered":"https:\/\/radiocresatelital.com\/?p=311"},"modified":"2023-06-24T19:02:34","modified_gmt":"2023-06-24T19:02:34","slug":"richard-shunke-fue-operado-con-exito-de-ligamento-cruzado","status":"publish","type":"post","link":"https:\/\/radiocresatelital.com\/?p=311","title":{"rendered":"Richard Shunke fue operado con \u00e9xito de ligamento cruzado"},"content":{"rendered":"<p>Quito.- Mediante comunicado oficial en sus redes sociales, el cuadro de Independiente del Valle ha comunicado de la lesi\u00f3n que tiene el volante argentino, Richard Schunke, la misma que ocurri\u00f3 durante el cotejo que el equipo rayado del Valle jug\u00f3 ante El Nacional el pasado 16 de Junio.<\/p>\n<p>Independiente del Valle tambi\u00e9n public\u00f3 una foto del jugador con la frase \u00abFUERZA RICHIE\u00bb.<\/p>\n<p><img decoding=\"async\" src=\"https:\/\/pbs.twimg.com\/media\/FzZelsyXgAAQF3u?format=jpg&amp;name=medium\" alt=\"Imagen\" \/><\/p>\n","protected":false},"excerpt":{"rendered":"<p>Quito.- Mediante comunicado oficial en sus redes sociales, el cuadro de Independiente del Valle ha comunicado de la lesi\u00f3n que tiene el volante argentino, Richard Schunke, la misma que ocurri\u00f3 durante el cotejo que el equipo rayado del Valle jug\u00f3 ante El Nacional el pasado 16 de Junio. Independiente del Valle tambi\u00e9n public\u00f3 una foto [&hellip;]<\/p>\n","protected":false},"author":2,"featured_media":312,"comment_status":"open","ping_status":"closed","sticky":false,"template":"","format":"standard","meta":{"_jetpack_memberships_contains_paid_content":false,"footnotes":""},"categories":[73],"tags":[81,80],"class_list":["post-311","post","type-post","status-publish","format-standard","has-post-thumbnail","hentry","category-liga-pro","tag-independiente-del-valle","tag-richard-schunke"],"jetpack_featured_media_url":"https:\/\/radiocresatelital.com\/wp-content\/uploads\/2023\/06\/32f097b84df78fdf4aa3172a2dd276c9_XL.jpg","jetpack_sharing_enabled":true,"_links":{"self":[{"href":"https:\/\/radiocresatelital.com\/index.php?rest_route=\/wp\/v2\/posts\/311","targetHints":{"allow":["GET"]}}],"collection":[{"href":"https:\/\/radiocresatelital.com\/index.php?rest_route=\/wp\/v2\/posts"}],"about":[{"href":"https:\/\/radiocresatelital.com\/index.php?rest_route=\/wp\/v2\/types\/post"}],"author":[{"embeddable":true,"href":"https:\/\/radiocresatelital.com\/index.php?rest_route=\/wp\/v2\/users\/2"}],"replies":[{"embeddable":true,"href":"https:\/\/radiocresatelital.com\/index.php?rest_route=%2Fwp%2Fv2%2Fcomments&post=311"}],"version-history":[{"count":1,"href":"https:\/\/radiocresatelital.com\/index.php?rest_route=\/wp\/v2\/posts\/311\/revisions"}],"predecessor-version":[{"id":313,"href":"https:\/\/radiocresatelital.com\/index.php?rest_route=\/wp\/v2\/posts\/311\/revisions\/313"}],"wp:featuredmedia":[{"embeddable":true,"href":"https:\/\/radiocresatelital.com\/index.php?rest_route=\/wp\/v2\/media\/312"}],"wp:attachment":[{"href":"https:\/\/radiocresatelital.com\/index.php?rest_route=%2Fwp%2Fv2%2Fmedia&parent=311"}],"wp:term":[{"taxonomy":"category","embeddable":true,"href":"https:\/\/radiocresatelital.com\/index.php?rest_route=%2Fwp%2Fv2%2Fcategories&post=311"},{"taxonomy":"post_tag","embeddable":true,"href":"https:\/\/radiocresatelital.com\/index.php?rest_route=%2Fwp%2Fv2%2Ftags&post=311"}],"curies":[{"name":"wp","href":"https:\/\/api.w.org\/{rel}","templated":true}]}}