{"id":31020,"date":"2025-06-30T20:57:17","date_gmt":"2025-06-30T20:57:17","guid":{"rendered":"https:\/\/radiocresatelital.com\/?p=31020"},"modified":"2025-07-01T17:31:37","modified_gmt":"2025-07-01T17:31:37","slug":"lucas-arnau-y-carlos-baute-juntos-en-volverte-a-ver-tour-una-noche-para-recordar-en-guayaquil","status":"publish","type":"post","link":"https:\/\/radiocresatelital.com\/?p=31020","title":{"rendered":"Lucas Arnau y Carlos Baute, juntos en \u201cVolverte a ver Tour\u00bb una noche para recordar en Guayaquil"},"content":{"rendered":"<p class=\"x_MsoNormal\"><span lang=\"ES-EC\" data-olk-copy-source=\"MessageBody\">Guayaquil.- Los reconocidos artistas latinoamericanos Lucas Arnau y Carlos Baute\u00a0se unen para presentar \u201cVolverte a Ver Tour\u201d\u00a0en Guayaquil, un concierto que promete una noche llena de romanticismo, baladas del recuerdo y energ\u00eda con sus grandes \u00e9xitos. <\/span><\/p>\n<p class=\"x_MsoNormal\"><span lang=\"ES-EC\" data-olk-copy-source=\"MessageBody\">Este exclusivo concierto se llevar\u00e1 a cabo el pr\u00f3ximo\u00a05 de septiembre<\/span><span lang=\"ES\">\u00a0en el Centro de Convenciones de Guayaquil \u2013 Sal\u00f3n de los Presidentes<\/span><span lang=\"ES-EC\">, gracias a la colaboraci\u00f3n de\u00a0Mall del Sur, Village, CityMall y Mall del Norte, quienes ofrecen este maravilloso espect\u00e1culo para premiar la fidelidad de sus clientes.<\/span><span lang=\"ES-EC\">\u00a0<\/span><\/p>\n<p class=\"x_MsoNormal\"><span lang=\"ES-EC\">Para ser parte de esta noche espacial, los clientes pueden participar en el sorteo de entradas por registro de facturas o comprar directamente entradas a la localidad\u00a0Blackbox<i>.<\/i><\/span><span lang=\"ES-EC\">\u00a0<\/span><\/p>\n<p class=\"x_MsoNormal\"><span lang=\"ES-EC\">Mall del Sur, Village, CityMall y Mall del Norte<\/span><span lang=\"ES-EC\">\u00a0invitan al p\u00fablico a disfrutar de esta experiencia musical rom\u00e1ntica, sentimental y alegre en la que dos grandes voces del pop latino se encontrar\u00e1n con su p\u00fablico ecuatoriano para compartir una velada de inolvidables momentos.<\/span><\/p>\n","protected":false},"excerpt":{"rendered":"<p>Guayaquil.- Los reconocidos artistas latinoamericanos Lucas Arnau y Carlos Baute\u00a0se unen para presentar \u201cVolverte a Ver Tour\u201d\u00a0en Guayaquil, un concierto que promete una noche llena de romanticismo, baladas del recuerdo y energ\u00eda con sus grandes \u00e9xitos. Este exclusivo concierto se llevar\u00e1 a cabo el pr\u00f3ximo\u00a05 de septiembre\u00a0en el Centro de Convenciones de Guayaquil \u2013 Sal\u00f3n [&hellip;]<\/p>\n","protected":false},"author":2,"featured_media":31021,"comment_status":"open","ping_status":"closed","sticky":false,"template":"","format":"standard","meta":{"_jetpack_memberships_contains_paid_content":false,"footnotes":""},"categories":[550],"tags":[4757],"class_list":["post-31020","post","type-post","status-publish","format-standard","has-post-thumbnail","hentry","category-espectaculo","tag-volverte-a-ver-tour"],"jetpack_featured_media_url":"https:\/\/radiocresatelital.com\/wp-content\/uploads\/2025\/07\/Foto-1-scaled.jpg","jetpack_sharing_enabled":true,"_links":{"self":[{"href":"https:\/\/radiocresatelital.com\/index.php?rest_route=\/wp\/v2\/posts\/31020","targetHints":{"allow":["GET"]}}],"collection":[{"href":"https:\/\/radiocresatelital.com\/index.php?rest_route=\/wp\/v2\/posts"}],"about":[{"href":"https:\/\/radiocresatelital.com\/index.php?rest_route=\/wp\/v2\/types\/post"}],"author":[{"embeddable":true,"href":"https:\/\/radiocresatelital.com\/index.php?rest_route=\/wp\/v2\/users\/2"}],"replies":[{"embeddable":true,"href":"https:\/\/radiocresatelital.com\/index.php?rest_route=%2Fwp%2Fv2%2Fcomments&post=31020"}],"version-history":[{"count":1,"href":"https:\/\/radiocresatelital.com\/index.php?rest_route=\/wp\/v2\/posts\/31020\/revisions"}],"predecessor-version":[{"id":31022,"href":"https:\/\/radiocresatelital.com\/index.php?rest_route=\/wp\/v2\/posts\/31020\/revisions\/31022"}],"wp:featuredmedia":[{"embeddable":true,"href":"https:\/\/radiocresatelital.com\/index.php?rest_route=\/wp\/v2\/media\/31021"}],"wp:attachment":[{"href":"https:\/\/radiocresatelital.com\/index.php?rest_route=%2Fwp%2Fv2%2Fmedia&parent=31020"}],"wp:term":[{"taxonomy":"category","embeddable":true,"href":"https:\/\/radiocresatelital.com\/index.php?rest_route=%2Fwp%2Fv2%2Fcategories&post=31020"},{"taxonomy":"post_tag","embeddable":true,"href":"https:\/\/radiocresatelital.com\/index.php?rest_route=%2Fwp%2Fv2%2Ftags&post=31020"}],"curies":[{"name":"wp","href":"https:\/\/api.w.org\/{rel}","templated":true}]}}