{"id":30973,"date":"2025-06-30T21:30:14","date_gmt":"2025-06-30T21:30:14","guid":{"rendered":"https:\/\/radiocresatelital.com\/?p=30973"},"modified":"2025-06-30T21:30:14","modified_gmt":"2025-06-30T21:30:14","slug":"botafogo-despide-al-portugues-renato-paiva","status":"publish","type":"post","link":"https:\/\/radiocresatelital.com\/?p=30973","title":{"rendered":"Botafogo despide al portugu\u00e9s Renato Paiva"},"content":{"rendered":"<p>R\u00edo de Janeiro.- El actual Campe\u00f3n de la Copa Libertadores, ha comunicado mediante sus redes sociales el despido del t\u00e9cnico Renato Paiva luego que el cuaro brasile\u00f1o quedara al fuera del Mundial de Clubes en tiempo extra contra Palmeiras.<\/p>\n<p>\u00abBotafogo anuncia che Renato Paiva dej\u00f3 de ser el DT del equipo principal\u00bb, se lee en un mensaje publicado en la cuenta oficial de X del club de R\u00edo de Janeiro propiedad del magnate estadounidense John Textor.<\/p>\n<p>\u00abEl club agradece a Paiva y a sus asistentes por los servicios prestados en los \u00faltimos meses, en particular la hist\u00f3rica victoria contra Par\u00eds Saint-Germain en el Mundial de Clubes, y la clasificaci\u00f3n a octavos de final de la Libertadores y de la Copa de Brasil\u00bb, agrega el mensaje.<\/p>\n<p><img decoding=\"async\" class=\"aligncenter\" src=\"https:\/\/www.debate.com.mx\/__export\/1751255930924\/sites\/debate\/img\/2025\/06\/29\/renato-paiva.jpg_2135042715.jpg\" alt=\"Renato Paiva, fuera del Botafogo tras eliminaci\u00f3n en el Mundial de Clubes\" \/><br \/>\nBotagofo asegura adem\u00e1s que Paiva, ex jugador del Toluca mexicano, entre otros, fue notificado sobre su destituci\u00f3n en la v\u00edspera, un d\u00eda despu\u00e9s de la ca\u00edda contra Palmeiras.<\/p>\n<p>Paiva asumi\u00f3 en febrero pasado en reemplazo de Artur Jorge, quien hab\u00eda guiado al Botafogo a ganar la Copa Libertadores y el Brasileirao durante 2024.<\/p>\n<p>Botafogo finaliz\u00f3 en el segundo puesto del Grupo B del Mundial de Clubes 2025 con 6 puntos, los mismos que Atl\u00e9tico Madrid y PSG, al cual venci\u00f3 por 1-0 en la segunda fecha de la zona antes de caer por 1-0 con el equipo espa\u00f1ol y tras haber superado por 2-1 en el debut al Seattle Sounders.<\/p>\n<p>El calendario del Botafogo establece enfrentamientos en agosto contra Liga de Quito por octavos de final de la Copa Libertadores 2025, mientras que en el Brasileirao marcha octavo a 6 puntos del l\u00edder Flamengo cuando restan 27 partidos para el final del torneo.<\/p>\n","protected":false},"excerpt":{"rendered":"<p>R\u00edo de Janeiro.- El actual Campe\u00f3n de la Copa Libertadores, ha comunicado mediante sus redes sociales el despido del t\u00e9cnico Renato Paiva luego que el cuaro brasile\u00f1o quedara al fuera del Mundial de Clubes en tiempo extra contra Palmeiras. \u00abBotafogo anuncia che Renato Paiva dej\u00f3 de ser el DT del equipo principal\u00bb, se lee en [&hellip;]<\/p>\n","protected":false},"author":2,"featured_media":30974,"comment_status":"open","ping_status":"closed","sticky":false,"template":"","format":"standard","meta":{"_jetpack_memberships_contains_paid_content":false,"footnotes":""},"categories":[7],"tags":[2161,4943],"class_list":["post-30973","post","type-post","status-publish","format-standard","has-post-thumbnail","hentry","category-futbol-internacional","tag-botafogo","tag-renato-paiva"],"jetpack_featured_media_url":"https:\/\/radiocresatelital.com\/wp-content\/uploads\/2025\/06\/renato-paiva-queda-fuera-del-botafogo-tras-eliminacion.webp","jetpack_sharing_enabled":true,"_links":{"self":[{"href":"https:\/\/radiocresatelital.com\/index.php?rest_route=\/wp\/v2\/posts\/30973","targetHints":{"allow":["GET"]}}],"collection":[{"href":"https:\/\/radiocresatelital.com\/index.php?rest_route=\/wp\/v2\/posts"}],"about":[{"href":"https:\/\/radiocresatelital.com\/index.php?rest_route=\/wp\/v2\/types\/post"}],"author":[{"embeddable":true,"href":"https:\/\/radiocresatelital.com\/index.php?rest_route=\/wp\/v2\/users\/2"}],"replies":[{"embeddable":true,"href":"https:\/\/radiocresatelital.com\/index.php?rest_route=%2Fwp%2Fv2%2Fcomments&post=30973"}],"version-history":[{"count":1,"href":"https:\/\/radiocresatelital.com\/index.php?rest_route=\/wp\/v2\/posts\/30973\/revisions"}],"predecessor-version":[{"id":30975,"href":"https:\/\/radiocresatelital.com\/index.php?rest_route=\/wp\/v2\/posts\/30973\/revisions\/30975"}],"wp:featuredmedia":[{"embeddable":true,"href":"https:\/\/radiocresatelital.com\/index.php?rest_route=\/wp\/v2\/media\/30974"}],"wp:attachment":[{"href":"https:\/\/radiocresatelital.com\/index.php?rest_route=%2Fwp%2Fv2%2Fmedia&parent=30973"}],"wp:term":[{"taxonomy":"category","embeddable":true,"href":"https:\/\/radiocresatelital.com\/index.php?rest_route=%2Fwp%2Fv2%2Fcategories&post=30973"},{"taxonomy":"post_tag","embeddable":true,"href":"https:\/\/radiocresatelital.com\/index.php?rest_route=%2Fwp%2Fv2%2Ftags&post=30973"}],"curies":[{"name":"wp","href":"https:\/\/api.w.org\/{rel}","templated":true}]}}