{"id":30970,"date":"2025-06-30T21:18:44","date_gmt":"2025-06-30T21:18:44","guid":{"rendered":"https:\/\/radiocresatelital.com\/?p=30970"},"modified":"2025-06-30T21:18:44","modified_gmt":"2025-06-30T21:18:44","slug":"llego-moderno-tomografo-para-el-hospital-teofilo-davila","status":"publish","type":"post","link":"https:\/\/radiocresatelital.com\/?p=30970","title":{"rendered":"Lleg\u00f3 moderno tom\u00f3grafo para el Hospital Te\u00f3filo D\u00e1vila"},"content":{"rendered":"<p>Machala.- Lleg\u00f3 un nuevo y moderno tom\u00f3grafo para el Hospital General Te\u00f3filo D\u00e1vila de Machala (HTD), adquirido por el Ministerio de Salud P\u00fablica (MSP), con una inversi\u00f3n que supera los 500 mil d\u00f3lares.<\/p>\n<p>Franklin Satama Pereira, gerente del Hospital Te\u00f3filo D\u00e1vila, dijo que se trata de un tom\u00f3grafo de la marca Siemens, con 64 filas de detectores y 128 cortes, destinado a la Unidad de Im\u00e1genes del hospital.<\/p>\n<p>Satama especific\u00f3 que el equipo cuenta con alta tecnolog\u00eda y que permitir\u00e1 obtener im\u00e1genes detalladas del interior del cuerpo humano. \u201cEste tipo de tom\u00f3grafo cuenta con 128 detectores de rayos X que permiten obtener im\u00e1genes de alta resoluci\u00f3n, en cortos periodos de tiempo. Siemens es marca reconocida en el campo de la medicina, y sus equipos son sin\u00f3nimo de calidad y precisi\u00f3n\u201d, destac\u00f3 Franklin Satama.<\/p>\n<p>El gerente hospitalario se\u00f1al\u00f3 que en el personal m\u00e9dico del Hospital Te\u00f3filo D\u00e1vila hay mucha expectativa y satisfacci\u00f3n por este nuevo equipo, pues las posibilidades de ayudar a la poblaci\u00f3n son mayores, al tener una mejor respuesta en los diagn\u00f3sticos de los pacientes.<\/p>\n<p>Satama indic\u00f3 que, luego de realizarse la instalaci\u00f3n, pruebas t\u00e9cnicas del equipo y capacitaci\u00f3n al personal, entrar\u00e1 en funcionamiento el tom\u00f3grafo en los pr\u00f3ximos d\u00edas a favor de pacientes de Machala y la provincia de El Oro.<\/p>\n<p>\u201cAgradezco al Ministerio de Salud P\u00fablica, a la Coordinaci\u00f3n Zonal 7-Salud y al Gobierno Nacional por la entrega de recursos para la adquisici\u00f3n de este moderno tom\u00f3grafo, que estar\u00e1 disponible para atender la alta demanda de pacientes con la que cuenta el hospital de referencia provincial\u201d, aplaudi\u00f3 Satama, gerente del HTD.<\/p>\n","protected":false},"excerpt":{"rendered":"<p>Machala.- Lleg\u00f3 un nuevo y moderno tom\u00f3grafo para el Hospital General Te\u00f3filo D\u00e1vila de Machala (HTD), adquirido por el Ministerio de Salud P\u00fablica (MSP), con una inversi\u00f3n que supera los 500 mil d\u00f3lares. Franklin Satama Pereira, gerente del Hospital Te\u00f3filo D\u00e1vila, dijo que se trata de un tom\u00f3grafo de la marca Siemens, con 64 filas [&hellip;]<\/p>\n","protected":false},"author":2,"featured_media":30971,"comment_status":"open","ping_status":"closed","sticky":false,"template":"","format":"standard","meta":{"_jetpack_memberships_contains_paid_content":false,"footnotes":""},"categories":[13],"tags":[4676,148],"class_list":["post-30970","post","type-post","status-publish","format-standard","has-post-thumbnail","hentry","category-noticias-nacionales","tag-hospital-general-teofilo-davila-de-machala","tag-ministerio-de-salud-publica"],"jetpack_featured_media_url":"https:\/\/radiocresatelital.com\/wp-content\/uploads\/2025\/06\/de337c49-5c3b-43be-a1bd-fd7a7c904e51.jpeg","jetpack_sharing_enabled":true,"_links":{"self":[{"href":"https:\/\/radiocresatelital.com\/index.php?rest_route=\/wp\/v2\/posts\/30970","targetHints":{"allow":["GET"]}}],"collection":[{"href":"https:\/\/radiocresatelital.com\/index.php?rest_route=\/wp\/v2\/posts"}],"about":[{"href":"https:\/\/radiocresatelital.com\/index.php?rest_route=\/wp\/v2\/types\/post"}],"author":[{"embeddable":true,"href":"https:\/\/radiocresatelital.com\/index.php?rest_route=\/wp\/v2\/users\/2"}],"replies":[{"embeddable":true,"href":"https:\/\/radiocresatelital.com\/index.php?rest_route=%2Fwp%2Fv2%2Fcomments&post=30970"}],"version-history":[{"count":1,"href":"https:\/\/radiocresatelital.com\/index.php?rest_route=\/wp\/v2\/posts\/30970\/revisions"}],"predecessor-version":[{"id":30972,"href":"https:\/\/radiocresatelital.com\/index.php?rest_route=\/wp\/v2\/posts\/30970\/revisions\/30972"}],"wp:featuredmedia":[{"embeddable":true,"href":"https:\/\/radiocresatelital.com\/index.php?rest_route=\/wp\/v2\/media\/30971"}],"wp:attachment":[{"href":"https:\/\/radiocresatelital.com\/index.php?rest_route=%2Fwp%2Fv2%2Fmedia&parent=30970"}],"wp:term":[{"taxonomy":"category","embeddable":true,"href":"https:\/\/radiocresatelital.com\/index.php?rest_route=%2Fwp%2Fv2%2Fcategories&post=30970"},{"taxonomy":"post_tag","embeddable":true,"href":"https:\/\/radiocresatelital.com\/index.php?rest_route=%2Fwp%2Fv2%2Ftags&post=30970"}],"curies":[{"name":"wp","href":"https:\/\/api.w.org\/{rel}","templated":true}]}}