{"id":30964,"date":"2025-06-30T21:11:02","date_gmt":"2025-06-30T21:11:02","guid":{"rendered":"https:\/\/radiocresatelital.com\/?p=30964"},"modified":"2025-06-30T21:11:02","modified_gmt":"2025-06-30T21:11:02","slug":"el-gobierno-fortalece-la-seguridad-en-las-escuelas-con-el-plan-nacional-nos-cuidamos","status":"publish","type":"post","link":"https:\/\/radiocresatelital.com\/?p=30964","title":{"rendered":"El Gobierno fortalece la seguridad en las escuelas con el Plan Nacional \u201cNos Cuidamos\u201d"},"content":{"rendered":"<p>Quito.-\u00a0El Gobierno Nacional reafirma su compromiso con la protecci\u00f3n integral de la comunidad educativa a trav\u00e9s del lanzamiento\u00a0del Plan Nacional \u201cNos Cuidamos\u201d<strong>,<\/strong>\u00a0una respuesta firme, articulada y estructural frente a los desaf\u00edos de seguridad en el entorno escolar.<\/p>\n<p>Reconocemos que la seguridad ciudadana y la lucha contra el crimen organizado son competencias exclusivas del Ministerio del Interior, la Polic\u00eda Nacional y dem\u00e1s entidades del sistema de seguridad, cuya labor valoramos, respaldamos y acompa\u00f1amos desde nuestras atribuciones.<\/p>\n<p>En este marco, el Ministerio de Educaci\u00f3n impulsa esta pol\u00edtica de Estado bajo un principio fundamental: garantizar que ni\u00f1as, ni\u00f1os y adolescentes ejerzan su derecho a la educaci\u00f3n en entornos seguros y libres de miedo.<\/p>\n<p>El Plan se organiza en\u00a0 ejes principales que articulan medidas educativas, operativas, normativas, territoriales y de gobernanza, con el objetivo de garantizar la seguridad integral en las instituciones educativas que beneficiar\u00e1n a 4.1 millones de estudiantes y toda la comunidad educativa del pa\u00eds.<\/p>\n<p><strong>Ejes de acci\u00f3n:<\/strong><\/p>\n<ol>\n<li><strong>Eje Cognitivo: Seguridad como conocimiento<\/strong><\/li>\n<\/ol>\n<ul>\n<li>Se incluye la inserci\u00f3n de seguridad en el curr\u00edculo desde inicial hasta bachillerato.<\/li>\n<li>Se trabaja en un espacio extracurricular de Protecci\u00f3n Civil.<\/li>\n<li>Se promueve la cultura de paz, el autocuidado y la resoluci\u00f3n pac\u00edfica de conflictos como parte de la educaci\u00f3n socioemocional.<\/li>\n<\/ul>\n<ol start=\"2\">\n<li><strong>Eje Operativo: Seguridad como protecci\u00f3n activa<\/strong><\/li>\n<\/ol>\n<ul>\n<li>Fortalecimiento de alianzas con la Polic\u00eda Nacional, Fuerzas Armadas, Ministerio del Interior, SNGRE y gobiernos locales.<\/li>\n<li>Ampliaci\u00f3n del Programa de Comunidades Educativas Seguras y Protectoras, en su segunda fase, donde se incluir\u00e1 la prevenci\u00f3n del reclutamiento.<\/li>\n<li>Se refuerza la vigilancia y control en entornos escolares.<\/li>\n<li>Mejoras en infraestructura (c\u00e1maras, cerramientos, iluminaci\u00f3n, alarmas).<\/li>\n<li>Nuevas figuras como el\u00a0<em>mediador educativo<\/em>\u00a0y el retorno del\u00a0<em>inspector de curso<\/em>.<\/li>\n<\/ul>\n<ol start=\"3\">\n<li><strong>Eje Normativo: Seguridad como garant\u00eda institucional<\/strong><\/li>\n<\/ol>\n<ul>\n<li>Se revisa y reforma el marco legal educativo (protocolos, LOEI), para devolver la autoridad a docentes y directivos.<\/li>\n<li>Se trabaja en una reforma normativa para permitir el ingreso de la fuerza p\u00fablica a escuelas en casos espec\u00edficos de peligro cierto.<\/li>\n<li>Creaci\u00f3n del Comit\u00e9 Nacional de Emergencias Educativas.<\/li>\n<li>Coordinaci\u00f3n con actores clave (gremios, Asamblea, Fiscal\u00eda, sociedad civil).<\/li>\n<li>Modificaci\u00f3n de horarios escolares en zonas de conflicto.<\/li>\n<\/ul>\n<ol start=\"4\">\n<li><strong>Eje Territorial: Seguridad como reconstrucci\u00f3n del tejido social<\/strong><\/li>\n<\/ol>\n<ul>\n<li>Formaci\u00f3n continua a docentes en manejo de crisis.<\/li>\n<li>Ampliaci\u00f3n del programa \u201cGuardianes de los Valores\u201d.<\/li>\n<li>Escuelas para Padres con enfoque en prevenci\u00f3n de violencia y riesgos.<\/li>\n<li>Reintegraci\u00f3n de estudiantes fuera del sistema (programa \u201cTodos al Aula\u201d).<\/li>\n<li>Fortalecimiento de educaci\u00f3n t\u00e9cnica y dual.<\/li>\n<li>Proyecto piloto \u201cEscuelas de Paz\u201d en Esmeraldas.<\/li>\n<li>Incentivos a estudiantes por participaci\u00f3n comunitaria.<\/li>\n<li>Coordinaci\u00f3n con la Polic\u00eda Nacional para fomentar el trabajo comunitario con estudiantes.<\/li>\n<\/ul>\n<p>Estas acciones demuestran que el Estado no es indiferente ante los riesgos que amenazan la tranquilidad de las escuelas. \u201cNo vamos a permitir que el miedo condicione el derecho a la educaci\u00f3n. El crimen no marcar\u00e1 el rumbo de nuestras aulas. Respondemos con autoridad y responsabilidad\u201d.<\/p>\n<p>El Plan \u201cNos Cuidamos\u201d representa una convocatoria nacional a la corresponsabilidad. Gobierno, docentes, familias, autoridades y ciudadan\u00eda est\u00e1n llamados a unir esfuerzos para proteger a la ni\u00f1ez, fortalecer la institucionalidad y defender la educaci\u00f3n como pilar del desarrollo del Ecuador.<\/p>\n","protected":false},"excerpt":{"rendered":"<p>Quito.-\u00a0El Gobierno Nacional reafirma su compromiso con la protecci\u00f3n integral de la comunidad educativa a trav\u00e9s del lanzamiento\u00a0del Plan Nacional \u201cNos Cuidamos\u201d,\u00a0una respuesta firme, articulada y estructural frente a los desaf\u00edos de seguridad en el entorno escolar. Reconocemos que la seguridad ciudadana y la lucha contra el crimen organizado son competencias exclusivas del Ministerio del [&hellip;]<\/p>\n","protected":false},"author":2,"featured_media":30965,"comment_status":"open","ping_status":"closed","sticky":false,"template":"","format":"standard","meta":{"_jetpack_memberships_contains_paid_content":false,"footnotes":""},"categories":[13],"tags":[4941,289,4940],"class_list":["post-30964","post","type-post","status-publish","format-standard","has-post-thumbnail","hentry","category-noticias-nacionales","tag-la-policia-nacional","tag-ministerio-del-interior","tag-plan-nacional-nos-cuidamos"],"jetpack_featured_media_url":"https:\/\/radiocresatelital.com\/wp-content\/uploads\/2025\/06\/comunidad.png","jetpack_sharing_enabled":true,"_links":{"self":[{"href":"https:\/\/radiocresatelital.com\/index.php?rest_route=\/wp\/v2\/posts\/30964","targetHints":{"allow":["GET"]}}],"collection":[{"href":"https:\/\/radiocresatelital.com\/index.php?rest_route=\/wp\/v2\/posts"}],"about":[{"href":"https:\/\/radiocresatelital.com\/index.php?rest_route=\/wp\/v2\/types\/post"}],"author":[{"embeddable":true,"href":"https:\/\/radiocresatelital.com\/index.php?rest_route=\/wp\/v2\/users\/2"}],"replies":[{"embeddable":true,"href":"https:\/\/radiocresatelital.com\/index.php?rest_route=%2Fwp%2Fv2%2Fcomments&post=30964"}],"version-history":[{"count":1,"href":"https:\/\/radiocresatelital.com\/index.php?rest_route=\/wp\/v2\/posts\/30964\/revisions"}],"predecessor-version":[{"id":30966,"href":"https:\/\/radiocresatelital.com\/index.php?rest_route=\/wp\/v2\/posts\/30964\/revisions\/30966"}],"wp:featuredmedia":[{"embeddable":true,"href":"https:\/\/radiocresatelital.com\/index.php?rest_route=\/wp\/v2\/media\/30965"}],"wp:attachment":[{"href":"https:\/\/radiocresatelital.com\/index.php?rest_route=%2Fwp%2Fv2%2Fmedia&parent=30964"}],"wp:term":[{"taxonomy":"category","embeddable":true,"href":"https:\/\/radiocresatelital.com\/index.php?rest_route=%2Fwp%2Fv2%2Fcategories&post=30964"},{"taxonomy":"post_tag","embeddable":true,"href":"https:\/\/radiocresatelital.com\/index.php?rest_route=%2Fwp%2Fv2%2Ftags&post=30964"}],"curies":[{"name":"wp","href":"https:\/\/api.w.org\/{rel}","templated":true}]}}