{"id":30844,"date":"2025-06-27T21:40:46","date_gmt":"2025-06-27T21:40:46","guid":{"rendered":"https:\/\/radiocresatelital.com\/?p=30844"},"modified":"2025-06-27T21:40:46","modified_gmt":"2025-06-27T21:40:46","slug":"gobernadores-mexicanos-de-dos-sedes-mundialistas-piden-fondos-para-remodelar-dos-estadios","status":"publish","type":"post","link":"https:\/\/radiocresatelital.com\/?p=30844","title":{"rendered":"Gobernadores Mexicanos de dos sedes Mundialistas piden fondos para remodelar dos estadios"},"content":{"rendered":"<p>M\u00e9xico DF .- Los gobernadores de dos estados mexicanos quienes ser\u00e1n sede del Mundial 2026 han reclamado a la Presidente de M\u00e9xico, Claudia Sheinbaumque les puedan facilitar los fondos presupuestarios para darles un buen mantenimiento de dos escenarios deportivos que albergar\u00e1n este torneo.<\/p>\n<p>Los gobernadores de Jalisco, Pablo Lemus, y de Nuevo Le\u00f3n, Samuel Garc\u00eda, pertenecientes al opositor partido Movimiento Ciudadano (MC, centro) se reunieron con la mandataria para \u00abcoordinar los preparativos del evento deportivo\u00bb, junto con la alcaldesa de la capital, Claudia Brugada.<\/p>\n<p id=\"ob\">Lemus se\u00f1al\u00f3 que requiere al menos 4.000 millones de pesos (unos 200 millones de d\u00f3lares) para un plan de movilidad y un proyecto h\u00eddrico en su estado, cuya capital, Guadalajara, ser\u00e1 una de las sedes de la pr\u00f3xima Copa del Mundo.<\/p>\n<p>Garc\u00eda, a su vez, se\u00f1al\u00f3 que planea renovar 2.000 camiones y remozar el Parque del Agua, situado alrededor del estadio sede del club Rayados de Monterrey, donde se celebrar\u00e1n otros partidos.<\/p>\n<p><img decoding=\"async\" src=\"https:\/\/cdn2.mediotiempo.com\/uploads\/media\/2024\/06\/11\/estadios-mexicanos-para-el-mundial.jpg\" alt=\"M\u00e9xico, rumbo a Mundial 2026: dos estadios listos y una gran inc\u00f3gnita\" \/><\/p>\n<p>Asimismo, indic\u00f3 que se requiere renovar algunas rutas que conectan a Nuevo Le\u00f3n con estados vecinos como San Luis Potos\u00ed, Coahuila y Tamaulipas, a fin de que los aficionados vean facilitados los traslados para acudir a estos cotejos.<\/p>\n<p>\u00abAfortunadamente, la presidenta nos va a apoyar con los permisos y con recursos\u00bb, dijo Garc\u00eda, sin precisar la cifra que necesita su estado.<\/p>\n","protected":false},"excerpt":{"rendered":"<p>M\u00e9xico DF .- Los gobernadores de dos estados mexicanos quienes ser\u00e1n sede del Mundial 2026 han reclamado a la Presidente de M\u00e9xico, Claudia Sheinbaumque les puedan facilitar los fondos presupuestarios para darles un buen mantenimiento de dos escenarios deportivos que albergar\u00e1n este torneo. Los gobernadores de Jalisco, Pablo Lemus, y de Nuevo Le\u00f3n, Samuel Garc\u00eda, [&hellip;]<\/p>\n","protected":false},"author":2,"featured_media":30845,"comment_status":"open","ping_status":"closed","sticky":false,"template":"","format":"standard","meta":{"_jetpack_memberships_contains_paid_content":false,"footnotes":""},"categories":[955],"tags":[3397],"class_list":["post-30844","post","type-post","status-publish","format-standard","has-post-thumbnail","hentry","category-mundial-de-futbol","tag-mundial-2026"],"jetpack_featured_media_url":"https:\/\/radiocresatelital.com\/wp-content\/uploads\/2025\/06\/3332432.jpg","jetpack_sharing_enabled":true,"_links":{"self":[{"href":"https:\/\/radiocresatelital.com\/index.php?rest_route=\/wp\/v2\/posts\/30844","targetHints":{"allow":["GET"]}}],"collection":[{"href":"https:\/\/radiocresatelital.com\/index.php?rest_route=\/wp\/v2\/posts"}],"about":[{"href":"https:\/\/radiocresatelital.com\/index.php?rest_route=\/wp\/v2\/types\/post"}],"author":[{"embeddable":true,"href":"https:\/\/radiocresatelital.com\/index.php?rest_route=\/wp\/v2\/users\/2"}],"replies":[{"embeddable":true,"href":"https:\/\/radiocresatelital.com\/index.php?rest_route=%2Fwp%2Fv2%2Fcomments&post=30844"}],"version-history":[{"count":1,"href":"https:\/\/radiocresatelital.com\/index.php?rest_route=\/wp\/v2\/posts\/30844\/revisions"}],"predecessor-version":[{"id":30846,"href":"https:\/\/radiocresatelital.com\/index.php?rest_route=\/wp\/v2\/posts\/30844\/revisions\/30846"}],"wp:featuredmedia":[{"embeddable":true,"href":"https:\/\/radiocresatelital.com\/index.php?rest_route=\/wp\/v2\/media\/30845"}],"wp:attachment":[{"href":"https:\/\/radiocresatelital.com\/index.php?rest_route=%2Fwp%2Fv2%2Fmedia&parent=30844"}],"wp:term":[{"taxonomy":"category","embeddable":true,"href":"https:\/\/radiocresatelital.com\/index.php?rest_route=%2Fwp%2Fv2%2Fcategories&post=30844"},{"taxonomy":"post_tag","embeddable":true,"href":"https:\/\/radiocresatelital.com\/index.php?rest_route=%2Fwp%2Fv2%2Ftags&post=30844"}],"curies":[{"name":"wp","href":"https:\/\/api.w.org\/{rel}","templated":true}]}}