{"id":30787,"date":"2025-06-26T22:59:36","date_gmt":"2025-06-26T22:59:36","guid":{"rendered":"https:\/\/radiocresatelital.com\/?p=30787"},"modified":"2025-06-26T22:59:36","modified_gmt":"2025-06-26T22:59:36","slug":"marcela-cuaspud-represento-a-ecuador-en-la-65a-sesion-de-jovenes-olimpicos","status":"publish","type":"post","link":"https:\/\/radiocresatelital.com\/?p=30787","title":{"rendered":"Marcela Cuaspud represent\u00f3 a Ecuador en la 65\u00aa Sesi\u00f3n de J\u00f3venes Ol\u00edmpicos"},"content":{"rendered":"<div class=\"elementor-element elementor-element-cb2de68 elementor-widget elementor-widget-spacer\" data-id=\"cb2de68\" data-element_type=\"widget\" data-widget_type=\"spacer.default\">\n<div class=\"elementor-widget-container\">\n<div class=\"elementor-spacer\">\n<div class=\"elementor-spacer-inner\">Grecia.- Marcela Cuaspud Hern\u00e1ndez, deportista ol\u00edmpica en Tokio 2020, fue parte de la 65\u00aa Sesi\u00f3n Internacional para J\u00f3venes Embajadores Ol\u00edmpicos (YOA Session), organizada por la Academia Ol\u00edmpica Internacional (IOA) en Grecia, del 7 al 19 de junio de 2025.<\/div>\n<\/div>\n<\/div>\n<\/div>\n<div class=\"elementor-element elementor-element-7da7327 noticiaTexto elementor-widget elementor-widget-theme-post-content\" data-id=\"7da7327\" data-element_type=\"widget\" data-widget_type=\"theme-post-content.default\">\n<div class=\"elementor-widget-container\">\n<p>Este emblem\u00e1tico encuentro reuni\u00f3 en Atenas y Olimpia a j\u00f3venes l\u00edderes de entre 20 y 30 a\u00f1os provenientes de todo el mundo, en un entorno multicultural donde se promovieron los valores del olimpismo, el respeto y la cooperaci\u00f3n internacional.<\/p>\n<p>Durante dos semanas, Cuaspud particip\u00f3 en conferencias con expertos, mesas de di\u00e1logo, talleres culturales, actividades deportivas y exposiciones junto a otros embajadores ol\u00edmpicos, convirti\u00e9ndose en portavoz de Ecuador en uno de los foros m\u00e1s prestigiosos del Movimiento Ol\u00edmpico.<\/p>\n<p>La sesi\u00f3n abord\u00f3 como tema principal \u201cEl futuro del deporte\u201d, mientras que la discusi\u00f3n especial gir\u00f3 en torno a \u201cEl Movimiento Ol\u00edmpico y la Inteligencia Artificial: oportunidades y desaf\u00edos\u201d, con el fin de reflexionar sobre el papel de la tecnolog\u00eda en el desarrollo del deporte global.<\/p>\n<p>Como parte de su compromiso con el legado del evento, Marcela presentar\u00e1 un plan de iniciativas para compartir y aplicar el conocimiento adquirido, el cual incluir\u00e1 proyectos educativos, difusi\u00f3n en redes sociales y colaboraci\u00f3n con programas del Comit\u00e9 Ol\u00edmpico Ecuatoriano.<\/p>\n<\/div>\n<\/div>\n","protected":false},"excerpt":{"rendered":"<p>Grecia.- Marcela Cuaspud Hern\u00e1ndez, deportista ol\u00edmpica en Tokio 2020, fue parte de la 65\u00aa Sesi\u00f3n Internacional para J\u00f3venes Embajadores Ol\u00edmpicos (YOA Session), organizada por la Academia Ol\u00edmpica Internacional (IOA) en Grecia, del 7 al 19 de junio de 2025. Este emblem\u00e1tico encuentro reuni\u00f3 en Atenas y Olimpia a j\u00f3venes l\u00edderes de entre 20 y 30 [&hellip;]<\/p>\n","protected":false},"author":2,"featured_media":30788,"comment_status":"open","ping_status":"closed","sticky":false,"template":"","format":"standard","meta":{"_jetpack_memberships_contains_paid_content":false,"footnotes":""},"categories":[9],"tags":[4923,4922],"class_list":["post-30787","post","type-post","status-publish","format-standard","has-post-thumbnail","hentry","category-deportes","tag-academia-olimpica-internacional","tag-jovenes-embajadores-olimpicos"],"jetpack_featured_media_url":"https:\/\/radiocresatelital.com\/wp-content\/uploads\/2025\/06\/WhatsApp-Image-2025-06-23-at-5.31.25-PM-1.jpeg","jetpack_sharing_enabled":true,"_links":{"self":[{"href":"https:\/\/radiocresatelital.com\/index.php?rest_route=\/wp\/v2\/posts\/30787","targetHints":{"allow":["GET"]}}],"collection":[{"href":"https:\/\/radiocresatelital.com\/index.php?rest_route=\/wp\/v2\/posts"}],"about":[{"href":"https:\/\/radiocresatelital.com\/index.php?rest_route=\/wp\/v2\/types\/post"}],"author":[{"embeddable":true,"href":"https:\/\/radiocresatelital.com\/index.php?rest_route=\/wp\/v2\/users\/2"}],"replies":[{"embeddable":true,"href":"https:\/\/radiocresatelital.com\/index.php?rest_route=%2Fwp%2Fv2%2Fcomments&post=30787"}],"version-history":[{"count":1,"href":"https:\/\/radiocresatelital.com\/index.php?rest_route=\/wp\/v2\/posts\/30787\/revisions"}],"predecessor-version":[{"id":30789,"href":"https:\/\/radiocresatelital.com\/index.php?rest_route=\/wp\/v2\/posts\/30787\/revisions\/30789"}],"wp:featuredmedia":[{"embeddable":true,"href":"https:\/\/radiocresatelital.com\/index.php?rest_route=\/wp\/v2\/media\/30788"}],"wp:attachment":[{"href":"https:\/\/radiocresatelital.com\/index.php?rest_route=%2Fwp%2Fv2%2Fmedia&parent=30787"}],"wp:term":[{"taxonomy":"category","embeddable":true,"href":"https:\/\/radiocresatelital.com\/index.php?rest_route=%2Fwp%2Fv2%2Fcategories&post=30787"},{"taxonomy":"post_tag","embeddable":true,"href":"https:\/\/radiocresatelital.com\/index.php?rest_route=%2Fwp%2Fv2%2Ftags&post=30787"}],"curies":[{"name":"wp","href":"https:\/\/api.w.org\/{rel}","templated":true}]}}