{"id":30654,"date":"2025-06-25T17:33:34","date_gmt":"2025-06-25T17:33:34","guid":{"rendered":"https:\/\/radiocresatelital.com\/?p=30654"},"modified":"2025-06-25T20:35:23","modified_gmt":"2025-06-25T20:35:23","slug":"migrar-a-la-nube-y-no-morir-en-el-intento","status":"publish","type":"post","link":"https:\/\/radiocresatelital.com\/?p=30654","title":{"rendered":"Migrar a la Nube y no Morir en el Intento"},"content":{"rendered":"<p>Quito.- En los \u00faltimos 18 meses, las empresas de tecnolog\u00eda han identificado un crecimiento en la demanda y adopci\u00f3n de soluciones en la nube, a medida que el sector busca expandir sus ofertas digitales. Seg\u00fan el informe de Flexera 2024, el uso de la nube desempe\u00f1a un papel crucial en este proceso; el 89% de los usuarios a nivel mundial prefieren adoptar modelos h\u00edbridos o multinubes, puesto que brindan entornos inform\u00e1ticos que no solo son \u00f3ptimos, sino tambi\u00e9n flexibles y adaptables, satisfaciendo as\u00ed las necesidades cambiantes de las empresas.<\/p>\n<p>Seg\u00fan cifras de\u00a0Gast\u00f3n Torres, Director de Desarrollo de Negocios en la Nube de AWS: El mercado de la nube p\u00fablica en Latam alcanzar\u00e1 los $23 mil millones en 2025, mientras que en Ecuador el mercado se mover\u00e1 alrededor de los $100 millones en este segmento. Este contexto confirma que el uso de servicios en la nube ya no es una tendencia, sino una pieza clave para la eficiencia operativa, la digitalizaci\u00f3n de procesos y la innovaci\u00f3n continua.<\/p>\n<p>Los servicios AWS potenciados con el aliado SONDA, permite: acceso y aceleraci\u00f3n a soluciones que cuentan con un modelo de responsabilidad compartida, centros de datos con est\u00e1ndares internacionales, cifrado de datos por defecto, control granular de acceso, detecci\u00f3n y respuesta en tiempo real, cumplimiento regulatorio global, automatizaci\u00f3n de parches y configuraciones seguras.<\/p>\n<p>Los servicios disponibles abarcan desde la migraci\u00f3n de cargas de trabajo (\u00ablift and shift\u00bb) hasta el traslado integral de centros de datos. AWS proporciona las capacidades organizativas, operativas y t\u00e9cnicas necesarias para asegurar una migraci\u00f3n r\u00e1pida, segura y eficaz.<\/p>\n<p>Sobre esta colaboraci\u00f3n, Juan Carlos Villac\u00eds, Especialista en Ventas en la Nube Sonda, destaca: \u201cEl fortalecimiento de esta alianza nos permite ampliar nuestra presencia en Ecuador, apoyar a las empresas en el crecimiento de su base de clientes, lanzar productos innovadores al mercado y ofrecer soluciones s\u00f3lidas con respaldo global.\u201d<\/p>\n<p>As\u00ed, SONDA y AWS se posicionan como aliados estrat\u00e9gicos en el camino hacia la transformaci\u00f3n digital, ofreciendo una respuesta concreta a los desaf\u00edos que enfrentan las empresas p\u00fablicas y privadas del pa\u00eds: adaptarse, simplificar, innovar y proteger los datos en un entorno en constante evoluci\u00f3n.<\/p>\n<p><strong>Para obtener m\u00e1s informaci\u00f3n sobre las soluciones que ofrece SONDA, visite el sitio web: <\/strong><a href=\"http:\/\/www.sonda.com\"><strong>www.sonda.com<\/strong><\/a><\/p>\n","protected":false},"excerpt":{"rendered":"<p>Quito.- En los \u00faltimos 18 meses, las empresas de tecnolog\u00eda han identificado un crecimiento en la demanda y adopci\u00f3n de soluciones en la nube, a medida que el sector busca expandir sus ofertas digitales. Seg\u00fan el informe de Flexera 2024, el uso de la nube desempe\u00f1a un papel crucial en este proceso; el 89% de [&hellip;]<\/p>\n","protected":false},"author":2,"featured_media":30655,"comment_status":"open","ping_status":"closed","sticky":false,"template":"","format":"standard","meta":{"_jetpack_memberships_contains_paid_content":false,"footnotes":""},"categories":[122],"tags":[4893],"class_list":["post-30654","post","type-post","status-publish","format-standard","has-post-thumbnail","hentry","category-tecnologia","tag-director-de-desarrollo-de-negocios-en-la-nube-de-aws"],"jetpack_featured_media_url":"https:\/\/radiocresatelital.com\/wp-content\/uploads\/2025\/06\/AWS.jpg","jetpack_sharing_enabled":true,"_links":{"self":[{"href":"https:\/\/radiocresatelital.com\/index.php?rest_route=\/wp\/v2\/posts\/30654","targetHints":{"allow":["GET"]}}],"collection":[{"href":"https:\/\/radiocresatelital.com\/index.php?rest_route=\/wp\/v2\/posts"}],"about":[{"href":"https:\/\/radiocresatelital.com\/index.php?rest_route=\/wp\/v2\/types\/post"}],"author":[{"embeddable":true,"href":"https:\/\/radiocresatelital.com\/index.php?rest_route=\/wp\/v2\/users\/2"}],"replies":[{"embeddable":true,"href":"https:\/\/radiocresatelital.com\/index.php?rest_route=%2Fwp%2Fv2%2Fcomments&post=30654"}],"version-history":[{"count":1,"href":"https:\/\/radiocresatelital.com\/index.php?rest_route=\/wp\/v2\/posts\/30654\/revisions"}],"predecessor-version":[{"id":30656,"href":"https:\/\/radiocresatelital.com\/index.php?rest_route=\/wp\/v2\/posts\/30654\/revisions\/30656"}],"wp:featuredmedia":[{"embeddable":true,"href":"https:\/\/radiocresatelital.com\/index.php?rest_route=\/wp\/v2\/media\/30655"}],"wp:attachment":[{"href":"https:\/\/radiocresatelital.com\/index.php?rest_route=%2Fwp%2Fv2%2Fmedia&parent=30654"}],"wp:term":[{"taxonomy":"category","embeddable":true,"href":"https:\/\/radiocresatelital.com\/index.php?rest_route=%2Fwp%2Fv2%2Fcategories&post=30654"},{"taxonomy":"post_tag","embeddable":true,"href":"https:\/\/radiocresatelital.com\/index.php?rest_route=%2Fwp%2Fv2%2Ftags&post=30654"}],"curies":[{"name":"wp","href":"https:\/\/api.w.org\/{rel}","templated":true}]}}