{"id":30464,"date":"2025-06-23T20:33:43","date_gmt":"2025-06-23T20:33:43","guid":{"rendered":"https:\/\/radiocresatelital.com\/?p=30464"},"modified":"2025-06-23T20:33:43","modified_gmt":"2025-06-23T20:33:43","slug":"mi-parada-mi-ciudad-van-25-andenes-repotenciados-y-seguimos-sumando","status":"publish","type":"post","link":"https:\/\/radiocresatelital.com\/?p=30464","title":{"rendered":"Mi Parada, Mi Ciudad: \u00a1Van 25 andenes repotenciados y seguimos sumando!"},"content":{"rendered":"<p>Quito.- Cada semana se suma un nuevo grupo de cinco paradas repotenciadas y listas para brindar un servicio m\u00e1s digno, eficiente, seguro y moderno a los cerca de 170 mil usuarios que utilizan a diario el sistema Troleb\u00fas.<\/p>\n<p>Al momento ya son 25 paradas remodeladas y se prev\u00e9 hasta el pr\u00f3ximo mes completar 41, en el marco del Proyecto Troleb\u00fas 2025, que cuenta con una inversi\u00f3n cercana a los 700 mil d\u00f3lares, para que las y los vecinos de Quito accedan a paradas m\u00e1s accesibles, iluminadas, con se\u00f1al\u00e9tica e infraestructura renovada.<\/p>\n<p>La repotenciaci\u00f3n de las 41 paradas est\u00e1 amparada en el compromiso del alcalde Pabel Mu\u00f1oz de modernizar integralmente el transporte municipal capitalino.<\/p>\n<p>Desde este martes 24 de junio entran en remodelaci\u00f3n un grupo de seis paradas: Plaza del Teatro, Chimbacalle N-S, en sentido norte-sur; La Recoleta, en sentido sur-norte; Quito Sur, Marquesa de Solanda y Registro Civil (Turubamba), en doble sentido.<\/p>\n<p>Parada en readecuaci\u00f3n Alternativas para movilizarse<br \/>\nPlaza del Teatro N-S Infraestructura temporal<br \/>\nLa Recoleta S-N Infraestructura temporal<br \/>\nChimbacalle N-S Infraestructura temporal<br \/>\nQuito Sur &#8211; doble sentido Espa\u00f1a hacia el norte La Internacional hacia el sur<br \/>\nMarquesa de Solanda &#8211; doble sentido<br \/>\nAjav\u00ed hacia el norte Mercado Mayorista hacia el sur<br \/>\nRegistro Civil (Turubamba) &#8211; doble sentido<br \/>\nQu\u00edmiag hacia el norte Mor\u00e1n Valverde hacia el sur<\/p>\n<p><strong>Las 25 paradas listas para servir c\u00e1lidamente a nuestros usuarios<\/strong><br \/>\nSentido norte-sur: Estadio, El Flor\u00f3n, Mariana de Jes\u00fas, Cuero y Caicedo, Col\u00f3n, La Mariscal, Santa Clara, Alameda, Banco Central, Santo Domingo, Cumand\u00e1, La Recoleta.<\/p>\n<p>Sentido sur-norte: Chimbacalle, Cumand\u00e1, Santo Domingo, Alameda, La Mariscal, Col\u00f3n, Cuero y Caicedo, Mariana de Jes\u00fas, El Flor\u00f3n, Estadio.<\/p>\n<p>Paradas en dos sentidos: La Internacional, Mercado Mayorista y Amaru \u00d1an.<\/p>\n<p><strong>Las pr\u00f3ximas paradas a readecuarse<\/strong><br \/>\nGrupo 7: El Ejido S-N, Hermano Miguel S-N, Plaza Chica N-S, La Colina S-N, La Y S-N. Grupo 8: La Y N-S, Santa Clara S-N, El Ejido N-S, Plaza Mar\u00edn S-N, Jefferson P\u00e9rez N-S.<br \/>\nCon la fuerza de las y los quite\u00f1os, Quito renace.<\/p>\n","protected":false},"excerpt":{"rendered":"<p>Quito.- Cada semana se suma un nuevo grupo de cinco paradas repotenciadas y listas para brindar un servicio m\u00e1s digno, eficiente, seguro y moderno a los cerca de 170 mil usuarios que utilizan a diario el sistema Troleb\u00fas. Al momento ya son 25 paradas remodeladas y se prev\u00e9 hasta el pr\u00f3ximo mes completar 41, en [&hellip;]<\/p>\n","protected":false},"author":2,"featured_media":30465,"comment_status":"open","ping_status":"closed","sticky":false,"template":"","format":"standard","meta":{"_jetpack_memberships_contains_paid_content":false,"footnotes":""},"categories":[13],"tags":[4852,4851],"class_list":["post-30464","post","type-post","status-publish","format-standard","has-post-thumbnail","hentry","category-noticias-nacionales","tag-mi-ciudad","tag-mi-parada"],"jetpack_featured_media_url":"https:\/\/radiocresatelital.com\/wp-content\/uploads\/2025\/06\/WhatsApp-Image-2025-06-23-at-14.33.49.jpeg","jetpack_sharing_enabled":true,"_links":{"self":[{"href":"https:\/\/radiocresatelital.com\/index.php?rest_route=\/wp\/v2\/posts\/30464","targetHints":{"allow":["GET"]}}],"collection":[{"href":"https:\/\/radiocresatelital.com\/index.php?rest_route=\/wp\/v2\/posts"}],"about":[{"href":"https:\/\/radiocresatelital.com\/index.php?rest_route=\/wp\/v2\/types\/post"}],"author":[{"embeddable":true,"href":"https:\/\/radiocresatelital.com\/index.php?rest_route=\/wp\/v2\/users\/2"}],"replies":[{"embeddable":true,"href":"https:\/\/radiocresatelital.com\/index.php?rest_route=%2Fwp%2Fv2%2Fcomments&post=30464"}],"version-history":[{"count":1,"href":"https:\/\/radiocresatelital.com\/index.php?rest_route=\/wp\/v2\/posts\/30464\/revisions"}],"predecessor-version":[{"id":30466,"href":"https:\/\/radiocresatelital.com\/index.php?rest_route=\/wp\/v2\/posts\/30464\/revisions\/30466"}],"wp:featuredmedia":[{"embeddable":true,"href":"https:\/\/radiocresatelital.com\/index.php?rest_route=\/wp\/v2\/media\/30465"}],"wp:attachment":[{"href":"https:\/\/radiocresatelital.com\/index.php?rest_route=%2Fwp%2Fv2%2Fmedia&parent=30464"}],"wp:term":[{"taxonomy":"category","embeddable":true,"href":"https:\/\/radiocresatelital.com\/index.php?rest_route=%2Fwp%2Fv2%2Fcategories&post=30464"},{"taxonomy":"post_tag","embeddable":true,"href":"https:\/\/radiocresatelital.com\/index.php?rest_route=%2Fwp%2Fv2%2Ftags&post=30464"}],"curies":[{"name":"wp","href":"https:\/\/api.w.org\/{rel}","templated":true}]}}