{"id":30458,"date":"2025-06-23T20:19:33","date_gmt":"2025-06-23T20:19:33","guid":{"rendered":"https:\/\/radiocresatelital.com\/?p=30458"},"modified":"2025-06-23T20:19:33","modified_gmt":"2025-06-23T20:19:33","slug":"la-nueva-marca-ciudad-es-una-estrategia-de-marketing-que-busca-crear-una-identidad-visual-y-conceptual-de-quito","status":"publish","type":"post","link":"https:\/\/radiocresatelital.com\/?p=30458","title":{"rendered":"La nueva Marca Ciudad es una estrategia de marketing que busca crear una identidad visual y conceptual de Quito"},"content":{"rendered":"<p>Quito.- La Capital de los Ecuatorianos presentar\u00e1 la nueva \u201cMarca Ciudad\u201d en las ciudades de Manta, Guayaquil, Cuenca y Loja, a trav\u00e9s de varios eventos culturales y gastron\u00f3micos.<\/p>\n<p>El lanzamiento de la nueva marca tur\u00edstica responde a un objetivo estrat\u00e9gico de desarrollo y posicionamiento de Quito a nivel nacional e internacional como un destino tur\u00edstico, cultural, gastron\u00f3mico y econ\u00f3mico competitivo. La nueva marca busca proyectar una imagen s\u00f3lida, coherente y diferenciada de la ciudad, unificando el mensaje con el que se comunica el destino.<\/p>\n<p>Pabel Mu\u00f1oz, alcalde de la ciudad de Quito comunic\u00f3 e \u201chizo referencia a lo realizado en el parque Bicentenario, en octubre de 2024, cuando la organizaci\u00f3n del R\u00e9cord Guinness tras revisar todos los documentos y los verificables del evento decidi\u00f3 que Quito ha roto el R\u00e9cord Guinness con la mayor cantidad de personas reunidas en un mismo lugar (6.775), en 5 minutos, dibujando la imagen de Quito para el mundo.\u201d Tomando como base a miles de dibujos realizados en la jornada de octubre, donde hubo una fuerte presencia ciudadana. Los elementos m\u00e1s representativos fueron las monta\u00f1as y el sol.<\/p>\n<p>Para la construcci\u00f3n no se invirti\u00f3 en contratar a ninguna empresa en espec\u00edfico. El Municipio de Quito, el sector privado, la academia y todos los quite\u00f1os juntaron sus esfuerzos para la creaci\u00f3n colectiva de la imagen de la ciudad.<\/p>\n<p>La presentaci\u00f3n de este gran proyecto se realizar\u00e1 en diversas ciudades de Ecuador como; Manta, Guayaquil, Cuenca y Loja, m\u00fasicos ecuatorianos como la Orquesta de Instrumentos Andinos ser\u00e1n los encargados de poner ritmo a la presentaci\u00f3n de la \u201cMarca Ciudad\u201d, con la cual Quito se promocionar\u00e1 tur\u00edsticamente mostrando y destacando los atributos y valores de la capital ecuatoriana.<\/p>\n<p>En estos eventos los asistentes podr\u00e1n vivir una experiencia especial, adem\u00e1s de la presentaci\u00f3n de una escena musical ecuatoriana, disfrutar\u00e1n de exposiciones y stands con muestras de la gastronom\u00eda de Quito, a trav\u00e9s de variedad de platos t\u00edpicos, caf\u00e9, licor de agave entre otros. Ser\u00e1 un evento que mostrar\u00e1 la oferta tur\u00edstica, cultura, m\u00fasica, comida t\u00edpica y tradiciones de la capital.<\/p>\n<p>Este lanzamiento busca fortalecer la identidad colectiva, generar orgullo ciudadano y una conexi\u00f3n emocional tanto con residentes como con visitantes e inversionistas. La iniciativa combina arte, tecnolog\u00eda y cultura para ofrecer una experiencia inmersiva, que comunica una identidad moderna sin perder las ra\u00edces tradicionales de la ciudad.<\/p>\n<p>Las fechas programadas para los eventos son;<br \/>\n\u2022 25 de junio (Manta)<br \/>\n\u2022 26 de junio (Guayaquil)<br \/>\n\u2022 27 de junio (Cuenca)<br \/>\n\u2022 28 de junio (Loja)<\/p>\n<p>Quito, una ciudad situada en la mitad del mundo, ofrece un contraste de historia, modernidad y una riqueza natural incomparable, que enamora a propios y extra\u00f1os.<\/p>\n<p>Durante esta caravana te sentir\u00e1s el centro del mundo.<\/p>\n","protected":false},"excerpt":{"rendered":"<p>Quito.- La Capital de los Ecuatorianos presentar\u00e1 la nueva \u201cMarca Ciudad\u201d en las ciudades de Manta, Guayaquil, Cuenca y Loja, a trav\u00e9s de varios eventos culturales y gastron\u00f3micos. El lanzamiento de la nueva marca tur\u00edstica responde a un objetivo estrat\u00e9gico de desarrollo y posicionamiento de Quito a nivel nacional e internacional como un destino tur\u00edstico, [&hellip;]<\/p>\n","protected":false},"author":2,"featured_media":30459,"comment_status":"open","ping_status":"closed","sticky":false,"template":"","format":"standard","meta":{"_jetpack_memberships_contains_paid_content":false,"footnotes":""},"categories":[13],"tags":[4850],"class_list":["post-30458","post","type-post","status-publish","format-standard","has-post-thumbnail","hentry","category-noticias-nacionales","tag-marca-ciudad"],"jetpack_featured_media_url":"https:\/\/radiocresatelital.com\/wp-content\/uploads\/2025\/06\/Quito-presenta-su-nueva-marca-ciudad-en-un-evento-multidisciplinario-r77iyb5v2hjlcqk2v5epxlsc90pt6b2wbc6zhsahqq.webp","jetpack_sharing_enabled":true,"_links":{"self":[{"href":"https:\/\/radiocresatelital.com\/index.php?rest_route=\/wp\/v2\/posts\/30458","targetHints":{"allow":["GET"]}}],"collection":[{"href":"https:\/\/radiocresatelital.com\/index.php?rest_route=\/wp\/v2\/posts"}],"about":[{"href":"https:\/\/radiocresatelital.com\/index.php?rest_route=\/wp\/v2\/types\/post"}],"author":[{"embeddable":true,"href":"https:\/\/radiocresatelital.com\/index.php?rest_route=\/wp\/v2\/users\/2"}],"replies":[{"embeddable":true,"href":"https:\/\/radiocresatelital.com\/index.php?rest_route=%2Fwp%2Fv2%2Fcomments&post=30458"}],"version-history":[{"count":1,"href":"https:\/\/radiocresatelital.com\/index.php?rest_route=\/wp\/v2\/posts\/30458\/revisions"}],"predecessor-version":[{"id":30460,"href":"https:\/\/radiocresatelital.com\/index.php?rest_route=\/wp\/v2\/posts\/30458\/revisions\/30460"}],"wp:featuredmedia":[{"embeddable":true,"href":"https:\/\/radiocresatelital.com\/index.php?rest_route=\/wp\/v2\/media\/30459"}],"wp:attachment":[{"href":"https:\/\/radiocresatelital.com\/index.php?rest_route=%2Fwp%2Fv2%2Fmedia&parent=30458"}],"wp:term":[{"taxonomy":"category","embeddable":true,"href":"https:\/\/radiocresatelital.com\/index.php?rest_route=%2Fwp%2Fv2%2Fcategories&post=30458"},{"taxonomy":"post_tag","embeddable":true,"href":"https:\/\/radiocresatelital.com\/index.php?rest_route=%2Fwp%2Fv2%2Ftags&post=30458"}],"curies":[{"name":"wp","href":"https:\/\/api.w.org\/{rel}","templated":true}]}}