{"id":30375,"date":"2025-06-20T18:37:12","date_gmt":"2025-06-20T18:37:12","guid":{"rendered":"https:\/\/radiocresatelital.com\/?p=30375"},"modified":"2025-06-20T22:39:26","modified_gmt":"2025-06-20T22:39:26","slug":"interoceanica-respalda-al-deporte-y-cuida-a-quienes-lo-practican","status":"publish","type":"post","link":"https:\/\/radiocresatelital.com\/?p=30375","title":{"rendered":"Interoce\u00e1nica respalda al deporte y cuida a quienes lo practican"},"content":{"rendered":"<p style=\"text-align: justify;\"><span style=\"font-family: 'Arial',sans-serif;\">Quito.- Seguros Interoce\u00e1nica dijo presente en una de las carreras m\u00e1s emblem\u00e1ticas del pa\u00eds: Quito 15K Race. Con una p\u00f3liza de accidentes personales para los m\u00e1s de 18.000 participantes, la aseguradora brind\u00f3 respaldo y tranquilidad a miles de corredores que desafiaron su propio l\u00edmite, conscientes de que contaban con una protecci\u00f3n real ante cualquier eventualidad.<\/span><\/p>\n<p style=\"text-align: justify;\"><span style=\"font-family: 'Arial',sans-serif;\">\u201cApoyar al deporte es parte de nuestra esencia. Sabemos que detr\u00e1s de cada paso hay esfuerzo, constancia y metas personales, y por eso estuvimos ah\u00ed, protegiendo a quienes se atreven a cruzar la meta\u201d,<\/span><span style=\"font-family: 'Arial',sans-serif;\"> se\u00f1alaron voceros de la compa\u00f1\u00eda.<\/span><\/p>\n<p style=\"text-align: justify;\"><span style=\"font-family: 'Arial',sans-serif;\">En las pr\u00f3ximas semanas, los organizadores de la Quito 15K Race realizar\u00e1n el sorteo de un auto 0 Km entre los participantes de esta carrera.<\/p>\n<p>El ganador tendr\u00e1 la tranquilidad de tener un seguro de veh\u00edculo gracias a Interoce\u00e1nica. Con estas acciones, la aseguradora reafirma su compromiso con el bienestar y el impulso de actividades que promuevan una vida activa, saludable y segura.<\/span><\/p>\n","protected":false},"excerpt":{"rendered":"<p>Quito.- Seguros Interoce\u00e1nica dijo presente en una de las carreras m\u00e1s emblem\u00e1ticas del pa\u00eds: Quito 15K Race. Con una p\u00f3liza de accidentes personales para los m\u00e1s de 18.000 participantes, la aseguradora brind\u00f3 respaldo y tranquilidad a miles de corredores que desafiaron su propio l\u00edmite, conscientes de que contaban con una protecci\u00f3n real ante cualquier eventualidad. [&hellip;]<\/p>\n","protected":false},"author":2,"featured_media":30376,"comment_status":"open","ping_status":"closed","sticky":false,"template":"","format":"standard","meta":{"_jetpack_memberships_contains_paid_content":false,"footnotes":""},"categories":[9],"tags":[4828,4827],"class_list":["post-30375","post","type-post","status-publish","format-standard","has-post-thumbnail","hentry","category-deportes","tag-quito-15k-race","tag-seguros-interoceanica"],"jetpack_featured_media_url":"https:\/\/radiocresatelital.com\/wp-content\/uploads\/2025\/06\/WhatsApp-Image-2025-06-20-at-10.26.06.jpeg","jetpack_sharing_enabled":true,"_links":{"self":[{"href":"https:\/\/radiocresatelital.com\/index.php?rest_route=\/wp\/v2\/posts\/30375","targetHints":{"allow":["GET"]}}],"collection":[{"href":"https:\/\/radiocresatelital.com\/index.php?rest_route=\/wp\/v2\/posts"}],"about":[{"href":"https:\/\/radiocresatelital.com\/index.php?rest_route=\/wp\/v2\/types\/post"}],"author":[{"embeddable":true,"href":"https:\/\/radiocresatelital.com\/index.php?rest_route=\/wp\/v2\/users\/2"}],"replies":[{"embeddable":true,"href":"https:\/\/radiocresatelital.com\/index.php?rest_route=%2Fwp%2Fv2%2Fcomments&post=30375"}],"version-history":[{"count":1,"href":"https:\/\/radiocresatelital.com\/index.php?rest_route=\/wp\/v2\/posts\/30375\/revisions"}],"predecessor-version":[{"id":30377,"href":"https:\/\/radiocresatelital.com\/index.php?rest_route=\/wp\/v2\/posts\/30375\/revisions\/30377"}],"wp:featuredmedia":[{"embeddable":true,"href":"https:\/\/radiocresatelital.com\/index.php?rest_route=\/wp\/v2\/media\/30376"}],"wp:attachment":[{"href":"https:\/\/radiocresatelital.com\/index.php?rest_route=%2Fwp%2Fv2%2Fmedia&parent=30375"}],"wp:term":[{"taxonomy":"category","embeddable":true,"href":"https:\/\/radiocresatelital.com\/index.php?rest_route=%2Fwp%2Fv2%2Fcategories&post=30375"},{"taxonomy":"post_tag","embeddable":true,"href":"https:\/\/radiocresatelital.com\/index.php?rest_route=%2Fwp%2Fv2%2Ftags&post=30375"}],"curies":[{"name":"wp","href":"https:\/\/api.w.org\/{rel}","templated":true}]}}