{"id":30284,"date":"2025-06-19T20:52:27","date_gmt":"2025-06-19T20:52:27","guid":{"rendered":"https:\/\/radiocresatelital.com\/?p=30284"},"modified":"2025-06-19T20:52:27","modified_gmt":"2025-06-19T20:52:27","slug":"ecuador-tuvo-a-manuel-bravo-como-delegado-en-memos-mexico-2025","status":"publish","type":"post","link":"https:\/\/radiocresatelital.com\/?p=30284","title":{"rendered":"Ecuador tuvo a Manuel Bravo como delegado en MEMOS M\u00e9xico 2025"},"content":{"rendered":"<p>M\u00e9xico DF.- El M\u00e1ster Ejecutivo en Gesti\u00f3n de Organizaciones Deportivas (MEMOS)\u00a0inici\u00f3 el\u00a07 de junio y concluy\u00f3 este martes 17 de junio en la Ciudad de M\u00e9xico. Se trata de un programa internacional de formaci\u00f3n dirigido a dirigentes del movimiento ol\u00edmpico y que no se organizaba en M\u00e9xico desde hace 20 a\u00f1os. Esta edici\u00f3n tuvo como sede al Comit\u00e9 Ol\u00edmpico Mexicano (COM).<\/p>\n<p>El\u00a0Comit\u00e9 Ol\u00edmpico Ecuatoriano (COE)\u00a0estuvo representado por\u00a0Manuel Bravo. Su participaci\u00f3n se dio gracias a una\u00a0beca de Solidaridad Ol\u00edmpica, dentro del convenio suscrito entre el Comit\u00e9 Ol\u00edmpico Internacional (COI) y la Universidad de Lleida (Barcelona, Espa\u00f1a), como parte de los programas de mejora y formaci\u00f3n dirigencial y t\u00e9cnica para los Comit\u00e9s Ol\u00edmpicos Nacionales (CONs) del mundo.<\/p>\n<p>Esta edici\u00f3n del MEMOS reuni\u00f3 a representantes de alto nivel de\u00a0Am\u00e9rica, Europa, Asia y \u00c1frica, consolid\u00e1ndose como un espacio estrat\u00e9gico para fortalecer las capacidades de gesti\u00f3n deportiva a escala global.<\/p>\n<p>Entre las sesiones destacadas, los participantes compartieron conocimientos con el especialista chileno en Recursos Humanos\u00a0Leonardo Lorenzo Lucero, quien recalc\u00f3 la importancia de contar con perfiles t\u00e9cnicos que gestionen el talento humano dentro de las organizaciones deportivas, para potenciar su rendimiento y sostenibilidad.<\/p>\n","protected":false},"excerpt":{"rendered":"<p>M\u00e9xico DF.- El M\u00e1ster Ejecutivo en Gesti\u00f3n de Organizaciones Deportivas (MEMOS)\u00a0inici\u00f3 el\u00a07 de junio y concluy\u00f3 este martes 17 de junio en la Ciudad de M\u00e9xico. Se trata de un programa internacional de formaci\u00f3n dirigido a dirigentes del movimiento ol\u00edmpico y que no se organizaba en M\u00e9xico desde hace 20 a\u00f1os. Esta edici\u00f3n tuvo como [&hellip;]<\/p>\n","protected":false},"author":2,"featured_media":30285,"comment_status":"open","ping_status":"closed","sticky":false,"template":"","format":"standard","meta":{"_jetpack_memberships_contains_paid_content":false,"footnotes":""},"categories":[9],"tags":[4808],"class_list":["post-30284","post","type-post","status-publish","format-standard","has-post-thumbnail","hentry","category-deportes","tag-gestion-de-organizaciones-deportivas"],"jetpack_featured_media_url":"https:\/\/radiocresatelital.com\/wp-content\/uploads\/2025\/06\/505148264_1117030293795089_4420279917263081847_n.jpg","jetpack_sharing_enabled":true,"_links":{"self":[{"href":"https:\/\/radiocresatelital.com\/index.php?rest_route=\/wp\/v2\/posts\/30284","targetHints":{"allow":["GET"]}}],"collection":[{"href":"https:\/\/radiocresatelital.com\/index.php?rest_route=\/wp\/v2\/posts"}],"about":[{"href":"https:\/\/radiocresatelital.com\/index.php?rest_route=\/wp\/v2\/types\/post"}],"author":[{"embeddable":true,"href":"https:\/\/radiocresatelital.com\/index.php?rest_route=\/wp\/v2\/users\/2"}],"replies":[{"embeddable":true,"href":"https:\/\/radiocresatelital.com\/index.php?rest_route=%2Fwp%2Fv2%2Fcomments&post=30284"}],"version-history":[{"count":1,"href":"https:\/\/radiocresatelital.com\/index.php?rest_route=\/wp\/v2\/posts\/30284\/revisions"}],"predecessor-version":[{"id":30286,"href":"https:\/\/radiocresatelital.com\/index.php?rest_route=\/wp\/v2\/posts\/30284\/revisions\/30286"}],"wp:featuredmedia":[{"embeddable":true,"href":"https:\/\/radiocresatelital.com\/index.php?rest_route=\/wp\/v2\/media\/30285"}],"wp:attachment":[{"href":"https:\/\/radiocresatelital.com\/index.php?rest_route=%2Fwp%2Fv2%2Fmedia&parent=30284"}],"wp:term":[{"taxonomy":"category","embeddable":true,"href":"https:\/\/radiocresatelital.com\/index.php?rest_route=%2Fwp%2Fv2%2Fcategories&post=30284"},{"taxonomy":"post_tag","embeddable":true,"href":"https:\/\/radiocresatelital.com\/index.php?rest_route=%2Fwp%2Fv2%2Ftags&post=30284"}],"curies":[{"name":"wp","href":"https:\/\/api.w.org\/{rel}","templated":true}]}}