{"id":30268,"date":"2025-06-19T18:54:13","date_gmt":"2025-06-19T18:54:13","guid":{"rendered":"https:\/\/radiocresatelital.com\/?p=30268"},"modified":"2025-06-20T20:48:44","modified_gmt":"2025-06-20T20:48:44","slug":"juan-martin-del-potro-vs-nico-lapentti-en-duelo-de-titanes","status":"publish","type":"post","link":"https:\/\/radiocresatelital.com\/?p=30268","title":{"rendered":"Juan Mart\u00edn Del Potro vs Nico Lapentti, en duelo de titanes"},"content":{"rendered":"<p>Guayaquil.- La Perla del Pac\u00edfico,\u00a0Guayaquil ser\u00e1 sede de un duelo in\u00e9dito entre dos astros del tenis sudamericano y mundial, Nicol\u00e1s Lapentti de Ecuador vs Juan Mart\u00edn Del Potro de Argentina, quienes se medir\u00e1n el s\u00e1bado 19 de julio en disputa del trofeo Guayaquil Capital Americana del Deporte 2026 presentado por American Express Banco Guayaquilico como Delpo tuvieron una extraordinaria carrera, representando no solo a sus pa\u00edses sino a todo el tenis Latinoamericano que los segu\u00eda en todos los torneos, no solo por su calidad, sino tambi\u00e9n por su carisma.<\/p>\n<p>El ecuatoriano lleg\u00f3 a ser #6 del mundo el 2000, gan\u00f3 5 torneos ATP, jug\u00f3 el Master ATP en 1999, logr\u00f3 dos ascensos al Grupo Mundial en Copa Davis y posee el record mundial como el m\u00e1ximo ganador de partidos a 5 sets singles (13) en toda la historia de la Copa Davis.<\/p>\n<p>\u201cEn esta oportunidad vuelvo a jugar y lo har\u00e9 con un gran amigo, Juan Mart\u00edn Del Potro, sin duda de los mejores tenistas a nivel mundial, campe\u00f3n de la Copa Davis y creo que es una persona que llev\u00f3 al tenis sudamericano a otro nivel. Una gran persona, un amigo, que va a poder disfrutar con nosotros de unos d\u00edas incre\u00edbles ac\u00e1 en nuestra ciudad\u201d, indic\u00f3 Lapentti.<\/p>\n<p>El argentino toc\u00f3 el cielo cuando gan\u00f3 el US Open el 2009 nada m\u00e1s y nada menos que a Roger Federer en la final, gan\u00f3 22 torneos, lleg\u00f3 a ser #3 del mundo el 2018, campe\u00f3n de la Copa Davis 2016 y medallista Ol\u00edmpico, bronce en Londres y plata en R\u00edo de Janeiro.<\/p>\n<p>Durante la rueda de prensa la Torre de Tandil apareci\u00f3 en un video confirmando su presencia \u201cHola Nico, un gusto saludarte, hola Guayaquil, Ecuador, para contarles que voy a estar en Guayaquil el 19 de julio en un partido con Nico y haciendo otras actividades. Me da mucha ilusi\u00f3n volver a Ecuador, la \u00faltima vez que estuve fue en el Challenger hace much\u00edsimos a\u00f1os as\u00ed que estoy muy emocionado de encontrarme con ustedes nuevamente y que tengamos unos d\u00edas espectaculares\u201d manifest\u00f3 el argentino.<\/p>\n<p>Acompa\u00f1aron a Nicol\u00e1s Lapentti en la rueda de prensa Luis G\u00f3mez Subdirector de deportes del Muy Ilustre Municipio de Guayaquil y Mar\u00eda Gracia Lotuffo Subgerente de marca de Banco Guayaquil, representantes de dos de los m\u00e1s grandes auspiciantes que hacen posible la realizaci\u00f3n de este exclusivo evento internacional.<\/p>\n<p><strong>GUGA INVITADO DE LUJO<\/strong><\/p>\n<p>Otra de las grandes novedades fue el anuncio de que el brasile\u00f1o Gustavo \u2018Guga\u2019 Kuerten vendr\u00e1 al partido como invitado especial. As\u00ed tambi\u00e9n lo confirm\u00f3 el triple campe\u00f3n de Roland Garros en un video difundido en la rueda de prensa.<\/p>\n<p><strong>ENTRADAS A LA VENTA<\/strong><\/p>\n<p>Las entradas tendr\u00e1n un costo de $30 y se vender\u00e1n desde el viernes 20 de junio en Ticketshow, para los tarjetahabientes de American Express Banco Guayaquil habr\u00e1 una preventa exclusiva que durar\u00e1 5 d\u00edas y tendr\u00e1n un descuento del 20%.<\/p>\n<p>Sin duda ser\u00e1 un verdadero duelo de titanes que el p\u00fablico los podr\u00e1 ver en acci\u00f3n en vivo y directo en el Guayaquil Tenis Club sede Anexo a las 19h30 del s\u00e1bado 19 de julio de 2025.<\/p>\n<p>El trofeo GUAYAQUIL CAPITAL AMERICANA DEL DEPORTE 2026 PRESENTADO POR AMERICAN EXPRESS BANCO GUAYAQUIL se realiza gracias al auspicio de Guayaquil, Capital Americana del Deporte 2026, American Express Banco Guayaquil, Megamaxi, Supermaxi, Hispana Seguros, Stella Artois, Ecuabet, Pelikano, Diario El Universo, Bah\u00eda Muyuyo, Guayaquil Tenis Club.<\/p>\n","protected":false},"excerpt":{"rendered":"<p>Guayaquil.- La Perla del Pac\u00edfico,\u00a0Guayaquil ser\u00e1 sede de un duelo in\u00e9dito entre dos astros del tenis sudamericano y mundial, Nicol\u00e1s Lapentti de Ecuador vs Juan Mart\u00edn Del Potro de Argentina, quienes se medir\u00e1n el s\u00e1bado 19 de julio en disputa del trofeo Guayaquil Capital Americana del Deporte 2026 presentado por American Express Banco Guayaquilico como [&hellip;]<\/p>\n","protected":false},"author":2,"featured_media":30269,"comment_status":"open","ping_status":"closed","sticky":false,"template":"","format":"standard","meta":{"_jetpack_memberships_contains_paid_content":false,"footnotes":""},"categories":[9,64],"tags":[4803,3412,4804],"class_list":["post-30268","post","type-post","status-publish","format-standard","has-post-thumbnail","hentry","category-deportes","category-tenis","tag-duelo-de-titanes","tag-juan-martin-del-potro","tag-nicolas-lapentti"],"jetpack_featured_media_url":"https:\/\/radiocresatelital.com\/wp-content\/uploads\/2025\/06\/WhatsApp-Image-2025-06-19-at-13.52.58.jpeg","jetpack_sharing_enabled":true,"_links":{"self":[{"href":"https:\/\/radiocresatelital.com\/index.php?rest_route=\/wp\/v2\/posts\/30268","targetHints":{"allow":["GET"]}}],"collection":[{"href":"https:\/\/radiocresatelital.com\/index.php?rest_route=\/wp\/v2\/posts"}],"about":[{"href":"https:\/\/radiocresatelital.com\/index.php?rest_route=\/wp\/v2\/types\/post"}],"author":[{"embeddable":true,"href":"https:\/\/radiocresatelital.com\/index.php?rest_route=\/wp\/v2\/users\/2"}],"replies":[{"embeddable":true,"href":"https:\/\/radiocresatelital.com\/index.php?rest_route=%2Fwp%2Fv2%2Fcomments&post=30268"}],"version-history":[{"count":3,"href":"https:\/\/radiocresatelital.com\/index.php?rest_route=\/wp\/v2\/posts\/30268\/revisions"}],"predecessor-version":[{"id":30346,"href":"https:\/\/radiocresatelital.com\/index.php?rest_route=\/wp\/v2\/posts\/30268\/revisions\/30346"}],"wp:featuredmedia":[{"embeddable":true,"href":"https:\/\/radiocresatelital.com\/index.php?rest_route=\/wp\/v2\/media\/30269"}],"wp:attachment":[{"href":"https:\/\/radiocresatelital.com\/index.php?rest_route=%2Fwp%2Fv2%2Fmedia&parent=30268"}],"wp:term":[{"taxonomy":"category","embeddable":true,"href":"https:\/\/radiocresatelital.com\/index.php?rest_route=%2Fwp%2Fv2%2Fcategories&post=30268"},{"taxonomy":"post_tag","embeddable":true,"href":"https:\/\/radiocresatelital.com\/index.php?rest_route=%2Fwp%2Fv2%2Ftags&post=30268"}],"curies":[{"name":"wp","href":"https:\/\/api.w.org\/{rel}","templated":true}]}}