{"id":30193,"date":"2025-06-18T20:33:58","date_gmt":"2025-06-18T20:33:58","guid":{"rendered":"https:\/\/radiocresatelital.com\/?p=30193"},"modified":"2025-06-18T20:33:58","modified_gmt":"2025-06-18T20:33:58","slug":"el-posicionamiento-agresivo-del-gobierno-en-materia-de-inmigracion-y-seguridad-representaria-amenaza-para-el-exito-del-mundial-2026","status":"publish","type":"post","link":"https:\/\/radiocresatelital.com\/?p=30193","title":{"rendered":"El posicionamiento agresivo del Gobierno en materia de inmigraci\u00f3n y seguridad representar\u00eda amenaza para el \u00e9xito del Mundial 2026"},"content":{"rendered":"<p>Washington.- El tema migratorio que al momento se vive en Estados Unidos por parte del Gobierno de Donald Trump ocasionar\u00eda algunos problemas para el \u00e9xito que se pudiera dar en el Mundial del 2026 as\u00ed lo indic\u00f3 el Caucus Hispano del Congreso (CHC) estadounidense, que est\u00e1 integrado por legisladores dem\u00f3cratas de ascendencia hispana.<\/p>\n<p>En una carta enviada al l\u00edder republicano y a su secretaria de Seguridad Nacional, Kristi Noem, se\u00f1alan que \u00abel posicionamiento agresivo\u00bb del Gobierno en materia de inmigraci\u00f3n y seguridad \u00abrepresenta una seria amenaza para el \u00e9xito, la seguridad p\u00fablica y la percepci\u00f3n internacional\u00bb durante la competici\u00f3n m\u00e1s importante del f\u00fatbol.<\/p>\n<p>\u00abCon Estados Unidos a punto de ser anfitri\u00f3n del mayor evento deportivo del mundo, que se espera atraiga a m\u00e1s de seis millones de visitantes internacionales, el CHC exige claridad y rendici\u00f3n de cuentas a la Administraci\u00f3n sobre c\u00f3mo pretende cumplir con las responsabilidades de Estados Unidos como anfitri\u00f3n global\u00bb, dijeron.<\/p>\n<p>La misiva est\u00e1 firmada por congresistas como Alexandria Ocasio-Cortez, Maxwell Frost, Greg Casar o Alex Padilla, el senador que la semana pasada protagoniz\u00f3 las portadas al ser expulsado por la fuerza de una conferencia de prensa de Noem.<\/p>\n<p>El grupo dijo apoyar \u00abplenamente\u00bb la organizaci\u00f3n del\u00a0Mundial\u00a0de 2026 y las oportunidades econ\u00f3micas y culturales que ofrece, pero consider\u00f3 que el historial del actual Ejecutivo \u00absugiere que no est\u00e1 preparado para brindar la hospitalidad, la accesibilidad y la seguridad que millones de aficionados y participantes internacionales merecen\u00bb.<\/p>\n<p>La carta cita el reciente aumento de la tensi\u00f3n en Los \u00c1ngeles tras las redadas migratorias all\u00ed, que ser\u00e1 una de las sedes del torneo, o el veto a la entrada y concesi\u00f3n de visados a ciudadanos de 12 pa\u00edses y los l\u00edmites parciales a los de otros siete, incluidos Cuba y Venezuela.<\/p>\n<p>El CHC dijo haber solicitado una respuesta del Gobierno antes de este pr\u00f3ximo 27 de junio describiendo sus planes para la facilitaci\u00f3n de visas, las operaciones en los puertos de entrada y la protecci\u00f3n de los derechos civiles durante el Mundial, y dijo que lo supervisar\u00e1 en los pr\u00f3ximos meses como parte de su compromiso de que el torneo sea un \u00e9xito para todos los involucrados.<\/p>\n<p>El Mundial tendr\u00e1 lugar del 11 de junio de 2026 al 19 de julio y tendr\u00e1 lugar adem\u00e1s de en Estados Unidos en M\u00e9xico y Canad\u00e1, dos pa\u00edses a los que Washington ha reprochado tomar medidas que no han resultado suficientes para controlar el flujo de migraci\u00f3n irregular.<\/p>\n<p>Las agresivas redadas migratorias del Gobierno Trump son uno de los factores que se est\u00e1n esgrimiendo para la floja venta de entradas que hasta el momento est\u00e1 teniendo el Mundial de Clubes, otro evento organizado por la FIFA, m\u00e1ximo \u00f3rgano rector del f\u00fatbol, que arranc\u00f3 el pasado 14 de junio en EE.UU.<\/p>\n","protected":false},"excerpt":{"rendered":"<p>Washington.- El tema migratorio que al momento se vive en Estados Unidos por parte del Gobierno de Donald Trump ocasionar\u00eda algunos problemas para el \u00e9xito que se pudiera dar en el Mundial del 2026 as\u00ed lo indic\u00f3 el Caucus Hispano del Congreso (CHC) estadounidense, que est\u00e1 integrado por legisladores dem\u00f3cratas de ascendencia hispana. En una [&hellip;]<\/p>\n","protected":false},"author":2,"featured_media":30194,"comment_status":"open","ping_status":"closed","sticky":false,"template":"","format":"standard","meta":{"_jetpack_memberships_contains_paid_content":false,"footnotes":""},"categories":[955],"tags":[3397],"class_list":["post-30193","post","type-post","status-publish","format-standard","has-post-thumbnail","hentry","category-mundial-de-futbol","tag-mundial-2026"],"jetpack_featured_media_url":"https:\/\/radiocresatelital.com\/wp-content\/uploads\/2025\/06\/0000-2.webp","jetpack_sharing_enabled":true,"_links":{"self":[{"href":"https:\/\/radiocresatelital.com\/index.php?rest_route=\/wp\/v2\/posts\/30193","targetHints":{"allow":["GET"]}}],"collection":[{"href":"https:\/\/radiocresatelital.com\/index.php?rest_route=\/wp\/v2\/posts"}],"about":[{"href":"https:\/\/radiocresatelital.com\/index.php?rest_route=\/wp\/v2\/types\/post"}],"author":[{"embeddable":true,"href":"https:\/\/radiocresatelital.com\/index.php?rest_route=\/wp\/v2\/users\/2"}],"replies":[{"embeddable":true,"href":"https:\/\/radiocresatelital.com\/index.php?rest_route=%2Fwp%2Fv2%2Fcomments&post=30193"}],"version-history":[{"count":1,"href":"https:\/\/radiocresatelital.com\/index.php?rest_route=\/wp\/v2\/posts\/30193\/revisions"}],"predecessor-version":[{"id":30195,"href":"https:\/\/radiocresatelital.com\/index.php?rest_route=\/wp\/v2\/posts\/30193\/revisions\/30195"}],"wp:featuredmedia":[{"embeddable":true,"href":"https:\/\/radiocresatelital.com\/index.php?rest_route=\/wp\/v2\/media\/30194"}],"wp:attachment":[{"href":"https:\/\/radiocresatelital.com\/index.php?rest_route=%2Fwp%2Fv2%2Fmedia&parent=30193"}],"wp:term":[{"taxonomy":"category","embeddable":true,"href":"https:\/\/radiocresatelital.com\/index.php?rest_route=%2Fwp%2Fv2%2Fcategories&post=30193"},{"taxonomy":"post_tag","embeddable":true,"href":"https:\/\/radiocresatelital.com\/index.php?rest_route=%2Fwp%2Fv2%2Ftags&post=30193"}],"curies":[{"name":"wp","href":"https:\/\/api.w.org\/{rel}","templated":true}]}}