{"id":30124,"date":"2025-06-17T17:33:00","date_gmt":"2025-06-17T17:33:00","guid":{"rendered":"https:\/\/radiocresatelital.com\/?p=30124"},"modified":"2025-06-17T20:35:31","modified_gmt":"2025-06-17T20:35:31","slug":"una-camioneta-para-la-ciudad-conoce-la-saviero-y-su-nueva-comfortline-plus","status":"publish","type":"post","link":"https:\/\/radiocresatelital.com\/?p=30124","title":{"rendered":"Una Camioneta para la Ciudad: Conoce la Saviero y su nueva Comfortline Plus"},"content":{"rendered":"<p>Quito.- Moverse por la ciudad puede ser todo un reto: tr\u00e1fico, espacios reducidos y la necesidad de transportar carga de manera pr\u00e1ctica. Para enfrentar este ritmo urbano con eficiencia, nada mejor que contar con un veh\u00edculo dise\u00f1ado para hacerlo todo m\u00e1s f\u00e1cil.<\/p>\n<p>Pensando en estas necesidades, la Saveiro se presenta como una opci\u00f3n que combina capacidad, robustez y agilidad. Con una capacidad de carga de hasta 0.7 toneladas, direcci\u00f3n asistida hidr\u00e1ulica y un dise\u00f1o compacto, la nueva Saveiro Comfortline Plus se posiciona como la aliada ideal para el ritmo de la ciudad. Su versatilidad permite combinar fuerza y eficiencia con un manejo \u00e1gil, ofreciendo una experiencia \u00fanica para quienes necesitan potencia sin sacrificar confort ni maniobrabilidad en entornos urbanos, ideal para recorrer calles estrechas o enfrentar la din\u00e1mica diaria de la ciudad.<\/p>\n<p>Con la calidad de la ingenier\u00eda alemana de Volkswagen, la Saveiro incorpora un motor 1.6 litros que entrega un buen balance entre potencia y rendimiento, alcanzando hasta 55 kil\u00f3metros por gal\u00f3n, ideal para recorridos frecuentes en la ciudad. Con 4,49 metros de largo y 1,56 metros de ancho, su tama\u00f1o facilita la conducci\u00f3n en calles estrechas, maniobras en espacios reducidos y estacionamientos urbanos.<\/p>\n<p>La Saveiro est\u00e1 disponible en cuatro versiones que se adaptan a distintos perfiles de uso: Cabina Simple Trendline, Cabina Doble Comfortline, la nueva Cabina Doble Comfortline Plus, y Cabina Doble Extreme. La introducci\u00f3n de la versi\u00f3n Comfortline Plus ampl\u00eda las opciones para quienes necesitan equilibrar espacio de carga y confort interior, ofreciendo un nivel de equipamiento superior para la movilidad urbana.<\/p>\n<p>El modelo integra tecnolog\u00eda de asistencia como control de estabilidad, control de tracci\u00f3n, asistente de arranque y descenso en pendientes, sensores de parqueo y c\u00e1mara de retroceso, elementos que facilitan la conducci\u00f3n en entornos urbanos din\u00e1micos y mejoran la seguridad.<\/p>\n<p>Con una estructura reforzada y un equipamiento pensado para la comodidad y protecci\u00f3n diaria, la Saveiro se consolida como una opci\u00f3n confiable para quienes requieren una camioneta urbana que combine versatilidad, eficiencia y capacidad de carga.<\/p>\n<p>Volkswagen sigue apostando por la innovaci\u00f3n, la calidad y la seguridad en cada uno de sus modelos. La Saveiro refleja este compromiso, ofreciendo una soluci\u00f3n confiable y adaptada a las necesidades de quienes buscan eficiencia, resistencia y practicidad en su d\u00eda a d\u00eda. Ya disponible en la red de concesionarios Volkswagen a nivel nacional.<\/p>\n","protected":false},"excerpt":{"rendered":"<p>Quito.- Moverse por la ciudad puede ser todo un reto: tr\u00e1fico, espacios reducidos y la necesidad de transportar carga de manera pr\u00e1ctica. Para enfrentar este ritmo urbano con eficiencia, nada mejor que contar con un veh\u00edculo dise\u00f1ado para hacerlo todo m\u00e1s f\u00e1cil. Pensando en estas necesidades, la Saveiro se presenta como una opci\u00f3n que combina [&hellip;]<\/p>\n","protected":false},"author":2,"featured_media":30125,"comment_status":"open","ping_status":"closed","sticky":false,"template":"","format":"standard","meta":{"_jetpack_memberships_contains_paid_content":false,"footnotes":""},"categories":[2725],"tags":[4778],"class_list":["post-30124","post","type-post","status-publish","format-standard","has-post-thumbnail","hentry","category-automotriz","tag-saveiro-comfortline-plus"],"jetpack_featured_media_url":"https:\/\/radiocresatelital.com\/wp-content\/uploads\/2025\/06\/WhatsApp-Image-2025-06-17-at-12.12.09.jpeg","jetpack_sharing_enabled":true,"_links":{"self":[{"href":"https:\/\/radiocresatelital.com\/index.php?rest_route=\/wp\/v2\/posts\/30124","targetHints":{"allow":["GET"]}}],"collection":[{"href":"https:\/\/radiocresatelital.com\/index.php?rest_route=\/wp\/v2\/posts"}],"about":[{"href":"https:\/\/radiocresatelital.com\/index.php?rest_route=\/wp\/v2\/types\/post"}],"author":[{"embeddable":true,"href":"https:\/\/radiocresatelital.com\/index.php?rest_route=\/wp\/v2\/users\/2"}],"replies":[{"embeddable":true,"href":"https:\/\/radiocresatelital.com\/index.php?rest_route=%2Fwp%2Fv2%2Fcomments&post=30124"}],"version-history":[{"count":1,"href":"https:\/\/radiocresatelital.com\/index.php?rest_route=\/wp\/v2\/posts\/30124\/revisions"}],"predecessor-version":[{"id":30126,"href":"https:\/\/radiocresatelital.com\/index.php?rest_route=\/wp\/v2\/posts\/30124\/revisions\/30126"}],"wp:featuredmedia":[{"embeddable":true,"href":"https:\/\/radiocresatelital.com\/index.php?rest_route=\/wp\/v2\/media\/30125"}],"wp:attachment":[{"href":"https:\/\/radiocresatelital.com\/index.php?rest_route=%2Fwp%2Fv2%2Fmedia&parent=30124"}],"wp:term":[{"taxonomy":"category","embeddable":true,"href":"https:\/\/radiocresatelital.com\/index.php?rest_route=%2Fwp%2Fv2%2Fcategories&post=30124"},{"taxonomy":"post_tag","embeddable":true,"href":"https:\/\/radiocresatelital.com\/index.php?rest_route=%2Fwp%2Fv2%2Ftags&post=30124"}],"curies":[{"name":"wp","href":"https:\/\/api.w.org\/{rel}","templated":true}]}}