{"id":30097,"date":"2025-06-17T19:40:36","date_gmt":"2025-06-17T19:40:36","guid":{"rendered":"https:\/\/radiocresatelital.com\/?p=30097"},"modified":"2025-06-17T19:40:36","modified_gmt":"2025-06-17T19:40:36","slug":"gobierno-nacional-fortalece-la-educacion-publica-con-2-785-nuevos-docentes-incorporados-a-traves-de-educa-empleo","status":"publish","type":"post","link":"https:\/\/radiocresatelital.com\/?p=30097","title":{"rendered":"Gobierno Nacional fortalece la educaci\u00f3n p\u00fablica con 2.785 nuevos docentes incorporados a trav\u00e9s de Educa Empleo"},"content":{"rendered":"<p>Manta. \u2013 Como parte de su agenda en territorio, el presidente de la Rep\u00fablica, Daniel Noboa Az\u00edn visit\u00f3 la provincia de Manab\u00ed, donde oficializ\u00f3 la incorporaci\u00f3n de 2.785 nuevos docentes al magisterio fiscal a trav\u00e9s de la plataforma \u2018Educa Empleo Docente\u2019. El acto se realiz\u00f3 en la ciudad de Manta, la ma\u00f1ana de este 17 de junio, y cont\u00f3 con la presencia de autoridades nacionales, locales y representantes de la comunidad educativa.<\/p>\n<p>El presidente Noboa indic\u00f3 que esta incorporaci\u00f3n fortalece el sistema educativo nacional y ratifica el compromiso del Gobierno con el bienestar de ni\u00f1os, ni\u00f1as y j\u00f3venes.<\/p>\n<p>Esta acci\u00f3n, que implic\u00f3 una inversi\u00f3n de alrededor de USD 23 millones, no solo gener\u00f3 nuevas plazas de empleo para profesionales de la educaci\u00f3n, sino que tambi\u00e9n contribuye a reducir la brecha de docentes y a garantizar la cobertura y continuidad del servicio educativo, especialmente en zonas rurales y de dif\u00edcil acceso.<\/p>\n<p>Durante su intervenci\u00f3n, el Primer Mandatario asever\u00f3 que su administraci\u00f3n est\u00e1 enfocada en elevar el nivel de ense\u00f1anza, acompa\u00f1ando y fortaleciendo el crecimiento profesional de los docentes, pues su rol es fundamental en el combate al crimen organizado y en la construcci\u00f3n de El Nuevo Ecuador.<\/p>\n<p>En ese sentido, se\u00f1al\u00f3 que \u201cdesde noviembre de 2023, hemos entregado 50.400 becas para formaci\u00f3n continua de maestros, incorporado 673 profesionales para apoyo psicol\u00f3gico estudiantil y beneficiado a 1.890 docentes en el proceso de sectorizaci\u00f3n\u201d.<\/p>\n<p>Por su parte, la ministra de Educaci\u00f3n, Alegr\u00eda Crespo, reiter\u00f3 el compromiso del Gobierno con la dignificaci\u00f3n de la carrera docente y anunci\u00f3 que 1.835 profesionales, que desde 2022 esperaban acceder a la homologaci\u00f3n y equiparaci\u00f3n salarial, recibir\u00e1n en los pr\u00f3ximos d\u00edas su compensaci\u00f3n econ\u00f3mica con car\u00e1cter retroactivo. \u201cEsto no ser\u00eda posible sin una visi\u00f3n clara: la educaci\u00f3n como eje de desarrollo nacional\u201d, enfatiz\u00f3.<\/p>\n<p>Mercy Briones, docente beneficiaria, agradeci\u00f3 al Gobierno por la gesti\u00f3n: \u201cporque verdaderamente cambia la vida de los estudiantes, pero tambi\u00e9n cambia mi vida\u201d, dijo.<\/p>\n<p>Revalorizar la labor docente, garantizar condiciones dignas y asegurar una educaci\u00f3n de calidad en todo el pa\u00eds son pilares esenciales para construir un Ecuador m\u00e1s equitativo y con oportunidades para todos.<\/p>\n","protected":false},"excerpt":{"rendered":"<p>Manta. \u2013 Como parte de su agenda en territorio, el presidente de la Rep\u00fablica, Daniel Noboa Az\u00edn visit\u00f3 la provincia de Manab\u00ed, donde oficializ\u00f3 la incorporaci\u00f3n de 2.785 nuevos docentes al magisterio fiscal a trav\u00e9s de la plataforma \u2018Educa Empleo Docente\u2019. El acto se realiz\u00f3 en la ciudad de Manta, la ma\u00f1ana de este 17 [&hellip;]<\/p>\n","protected":false},"author":2,"featured_media":30098,"comment_status":"open","ping_status":"closed","sticky":false,"template":"","format":"standard","meta":{"_jetpack_memberships_contains_paid_content":false,"footnotes":""},"categories":[13],"tags":[1322],"class_list":["post-30097","post","type-post","status-publish","format-standard","has-post-thumbnail","hentry","category-noticias-nacionales","tag-presidente-daniel-noboa"],"jetpack_featured_media_url":"https:\/\/radiocresatelital.com\/wp-content\/uploads\/2025\/06\/54596622460_9641f38f56_c.jpg","jetpack_sharing_enabled":true,"_links":{"self":[{"href":"https:\/\/radiocresatelital.com\/index.php?rest_route=\/wp\/v2\/posts\/30097","targetHints":{"allow":["GET"]}}],"collection":[{"href":"https:\/\/radiocresatelital.com\/index.php?rest_route=\/wp\/v2\/posts"}],"about":[{"href":"https:\/\/radiocresatelital.com\/index.php?rest_route=\/wp\/v2\/types\/post"}],"author":[{"embeddable":true,"href":"https:\/\/radiocresatelital.com\/index.php?rest_route=\/wp\/v2\/users\/2"}],"replies":[{"embeddable":true,"href":"https:\/\/radiocresatelital.com\/index.php?rest_route=%2Fwp%2Fv2%2Fcomments&post=30097"}],"version-history":[{"count":1,"href":"https:\/\/radiocresatelital.com\/index.php?rest_route=\/wp\/v2\/posts\/30097\/revisions"}],"predecessor-version":[{"id":30099,"href":"https:\/\/radiocresatelital.com\/index.php?rest_route=\/wp\/v2\/posts\/30097\/revisions\/30099"}],"wp:featuredmedia":[{"embeddable":true,"href":"https:\/\/radiocresatelital.com\/index.php?rest_route=\/wp\/v2\/media\/30098"}],"wp:attachment":[{"href":"https:\/\/radiocresatelital.com\/index.php?rest_route=%2Fwp%2Fv2%2Fmedia&parent=30097"}],"wp:term":[{"taxonomy":"category","embeddable":true,"href":"https:\/\/radiocresatelital.com\/index.php?rest_route=%2Fwp%2Fv2%2Fcategories&post=30097"},{"taxonomy":"post_tag","embeddable":true,"href":"https:\/\/radiocresatelital.com\/index.php?rest_route=%2Fwp%2Fv2%2Ftags&post=30097"}],"curies":[{"name":"wp","href":"https:\/\/api.w.org\/{rel}","templated":true}]}}