{"id":30094,"date":"2025-06-17T19:29:03","date_gmt":"2025-06-17T19:29:03","guid":{"rendered":"https:\/\/radiocresatelital.com\/?p=30094"},"modified":"2025-06-17T19:29:03","modified_gmt":"2025-06-17T19:29:03","slug":"municipio-invertira-usd-134-millones-en-nueva-solucion-vial-que-transformara-la-av-juan-tanca-marengo","status":"publish","type":"post","link":"https:\/\/radiocresatelital.com\/?p=30094","title":{"rendered":"Municipio invertir\u00e1 USD 13,4 millones en nueva soluci\u00f3n vial que transformar\u00e1 la Av. Juan Tanca Marengo"},"content":{"rendered":"<p>Guayaquil.- Para mejorar la circulaci\u00f3n vehicular en una de las v\u00edas m\u00e1s transitados del norte de la urbe, el Municipio de Guayaquil adjudic\u00f3 la construcci\u00f3n de una nueva infraestructura vial en la Av. Juan Tanca Marengo, a la altura de la intersecci\u00f3n con la Av. Rodrigo Ch\u00e1vez Gonz\u00e1lez. Esta obra forma parte de un plan integral de movilidad urbana que responde a las necesidades actuales y proyecta soluciones ante el crecimiento de la ciudad.<\/p>\n<p>La obra contempla la edificaci\u00f3n de dos pasos elevados sobre la Av. Juan Tanca Marengo, arteria que conecta la V\u00eda a Daule con la Av. de Las Am\u00e9ricas, y que actualmente soporta una carga vehicular diaria superior a los 89.000 automotores. Con un promedio de 1,3 ocupantes por veh\u00edculo, se estima que m\u00e1s de 115.700 personas transitan por este corredor diariamente.<\/p>\n<p>Este proyecto responde a un problema estructural de movilidad: en horas pico, la velocidad de circulaci\u00f3n puede descender a menos de 10 km\/h y las filas de veh\u00edculos superar los 300 metros. La confluencia de flujos vehiculares y peatonales convierte a esta intersecci\u00f3n en un punto cr\u00edtico que afecta tanto a conductores como a transe\u00fantes.<\/p>\n<p>La soluci\u00f3n permitir\u00e1 eliminar cuellos de botella, reducir tiempos de desplazamiento y mejorar la seguridad peatonal en una zona de alta circulaci\u00f3n, que adem\u00e1s concentra sedes empresariales, centros m\u00e9dicos y tres instituciones educativas de reconocida trayectoria. Entre los sectores beneficiados directamente se encuentran Urdesa Norte, Urdenor 1 y 2, Ciudad Col\u00f3n, Bosques del Salado y Martha de Rold\u00f3s.<\/p>\n<p>Con una inversi\u00f3n de USD 13,4 millones, financiada parcialmente a trav\u00e9s del programa CAF XVI del Banco de Desarrollo de Am\u00e9rica Latina y el Caribe, la obra tiene un plazo de ejecuci\u00f3n de 20 meses.<\/p>\n<p>Esta intervenci\u00f3n se integra a una estrategia de movilidad m\u00e1s amplia, que incluye la soluci\u00f3n vial ya adjudicada en la Av. del Bombero y la reci\u00e9n habilitada en la Av. de Las Am\u00e9ricas. En conjunto, estas obras buscan no solo aliviar la congesti\u00f3n actual, sino tambi\u00e9n anticiparse a los desaf\u00edos viales del futuro en sectores neur\u00e1lgicos de Guayaquil.<\/p>\n","protected":false},"excerpt":{"rendered":"<p>Guayaquil.- Para mejorar la circulaci\u00f3n vehicular en una de las v\u00edas m\u00e1s transitados del norte de la urbe, el Municipio de Guayaquil adjudic\u00f3 la construcci\u00f3n de una nueva infraestructura vial en la Av. Juan Tanca Marengo, a la altura de la intersecci\u00f3n con la Av. Rodrigo Ch\u00e1vez Gonz\u00e1lez. Esta obra forma parte de un plan [&hellip;]<\/p>\n","protected":false},"author":2,"featured_media":30095,"comment_status":"open","ping_status":"closed","sticky":false,"template":"","format":"standard","meta":{"_jetpack_memberships_contains_paid_content":false,"footnotes":""},"categories":[13],"tags":[4773,114],"class_list":["post-30094","post","type-post","status-publish","format-standard","has-post-thumbnail","hentry","category-noticias-nacionales","tag-av-juan-tanca-marengo","tag-municipio-de-guayaquil"],"jetpack_featured_media_url":"https:\/\/radiocresatelital.com\/wp-content\/uploads\/2025\/06\/municipio-invertira-nueva-solucion-vial-transformara-av-juan-tanca-marengo1.jpg","jetpack_sharing_enabled":true,"_links":{"self":[{"href":"https:\/\/radiocresatelital.com\/index.php?rest_route=\/wp\/v2\/posts\/30094","targetHints":{"allow":["GET"]}}],"collection":[{"href":"https:\/\/radiocresatelital.com\/index.php?rest_route=\/wp\/v2\/posts"}],"about":[{"href":"https:\/\/radiocresatelital.com\/index.php?rest_route=\/wp\/v2\/types\/post"}],"author":[{"embeddable":true,"href":"https:\/\/radiocresatelital.com\/index.php?rest_route=\/wp\/v2\/users\/2"}],"replies":[{"embeddable":true,"href":"https:\/\/radiocresatelital.com\/index.php?rest_route=%2Fwp%2Fv2%2Fcomments&post=30094"}],"version-history":[{"count":1,"href":"https:\/\/radiocresatelital.com\/index.php?rest_route=\/wp\/v2\/posts\/30094\/revisions"}],"predecessor-version":[{"id":30096,"href":"https:\/\/radiocresatelital.com\/index.php?rest_route=\/wp\/v2\/posts\/30094\/revisions\/30096"}],"wp:featuredmedia":[{"embeddable":true,"href":"https:\/\/radiocresatelital.com\/index.php?rest_route=\/wp\/v2\/media\/30095"}],"wp:attachment":[{"href":"https:\/\/radiocresatelital.com\/index.php?rest_route=%2Fwp%2Fv2%2Fmedia&parent=30094"}],"wp:term":[{"taxonomy":"category","embeddable":true,"href":"https:\/\/radiocresatelital.com\/index.php?rest_route=%2Fwp%2Fv2%2Fcategories&post=30094"},{"taxonomy":"post_tag","embeddable":true,"href":"https:\/\/radiocresatelital.com\/index.php?rest_route=%2Fwp%2Fv2%2Ftags&post=30094"}],"curies":[{"name":"wp","href":"https:\/\/api.w.org\/{rel}","templated":true}]}}