{"id":30038,"date":"2025-06-16T18:34:21","date_gmt":"2025-06-16T18:34:21","guid":{"rendered":"https:\/\/radiocresatelital.com\/?p=30038"},"modified":"2025-06-16T21:37:00","modified_gmt":"2025-06-16T21:37:00","slug":"lucas-arnau-y-carlos-baute-llegan-con-su-volverte-a-ver-tour-para-enamorar-guayaquil","status":"publish","type":"post","link":"https:\/\/radiocresatelital.com\/?p=30038","title":{"rendered":"Lucas Arnau y Carlos Baute llegan con su \u201cVolverte a Ver Tour\u201d para enamorar Guayaquil"},"content":{"rendered":"<p>Guayaquil.- Toda la atenci\u00f3n est\u00e1 puesta en la pr\u00f3xima presentaci\u00f3n de los reconocidos artistas del pop latino Lucas Arnau y Carlos Baute, quienes llegar\u00e1n a Guayaquil con su gira \u201cVolverte a Ver Tour\u201d, un concierto que se realizar\u00e1 el jueves 5 de septiembre en el Centro de Convenciones de Guayaquil \u2013 Sal\u00f3n de los Presidentes, gracias a Mall del Sur, Village, CityMall y Mall del Norte, exclusivamente para sus clientes.<\/p>\n<p>Ambos artistas, conocidos por su estilo rom\u00e1ntico, carisma y conexi\u00f3n con el p\u00fablico, prometen una noche inolvidable, llena de baladas y pop latino con canciones como: \u00abTe Doy Mi Vida\u00bb, \u00abLo Que Dejaste Al No Volver\u00bb, \u00abColgando en tus manos\u00bb y \u00abAmarte Bien\u00bb. Los asistentes podr\u00e1n disfrutar de un repertorio completo, as\u00ed como sus colaboraciones m\u00e1s recientes.<\/p>\n<p>Desde Medell\u00edn, Colombia, Lucas Arnau ha conquistado al p\u00fablico latino con sus temas rom\u00e1nticos desde su debut en 2004. Con varios discos en su trayectoria y colaboraciones destacadas, ha sido nominado a los Premios Grammy Latinos, adem\u00e1s de recibir reconocimientos en su pa\u00eds como los Premios Shock y Nuestra Tierra. Su m\u00fasica combina historias con sonidos frescos que conectan con distintas generaciones.<\/p>\n<p>De la misma manera, Carlos Baute, cantautor venezolano radicado en Espa\u00f1a, cuenta con una exitosa carrera internacional que se consolid\u00f3 con el hit \u201cColgando en tus manos\u201d. Ha sido galardonado con premios como Los 40 Principales y Premios Ondas, y nominado a los Latin Grammy, siendo uno de los artistas m\u00e1s queridos del pop en espa\u00f1ol. Su versatilidad lo ha llevado a mantenerse vigente por m\u00e1s de dos d\u00e9cadas en el espect\u00e1culo musical.<\/p>\n<p>Y para ser parte de esta noche espacial, sus fan\u00e1ticos podr\u00e1n acumular sus facturas de compra desde el 1 de junio y presentarlas en los puntos de canje de cada centro comercial m\u00e1s un monto en efectivo hasta el 4 de septiembre, a fin de obtener las entradas para este esperado espect\u00e1culo.<\/p>\n<p>Mall del Sur, Village, CityMall y Mall del Norte preparan este espect\u00e1culo \u00fanico para sus clientes, recompensando su fidelidad y prometi\u00e9ndoles un evento inolvidable y de gran deleite para los asistentes.<br \/>\nPara m\u00e1s informaci\u00f3n pueden visitar las redes sociales de los malls y conocer pormenores del show.<\/p>\n","protected":false},"excerpt":{"rendered":"<p>Guayaquil.- Toda la atenci\u00f3n est\u00e1 puesta en la pr\u00f3xima presentaci\u00f3n de los reconocidos artistas del pop latino Lucas Arnau y Carlos Baute, quienes llegar\u00e1n a Guayaquil con su gira \u201cVolverte a Ver Tour\u201d, un concierto que se realizar\u00e1 el jueves 5 de septiembre en el Centro de Convenciones de Guayaquil \u2013 Sal\u00f3n de los Presidentes, [&hellip;]<\/p>\n","protected":false},"author":2,"featured_media":30039,"comment_status":"open","ping_status":"closed","sticky":false,"template":"","format":"standard","meta":{"_jetpack_memberships_contains_paid_content":false,"footnotes":""},"categories":[550],"tags":[4757],"class_list":["post-30038","post","type-post","status-publish","format-standard","has-post-thumbnail","hentry","category-espectaculo","tag-volverte-a-ver-tour"],"jetpack_featured_media_url":"https:\/\/radiocresatelital.com\/wp-content\/uploads\/2025\/06\/WhatsApp-Image-2025-06-16-at-13.28.38.jpeg","jetpack_sharing_enabled":true,"_links":{"self":[{"href":"https:\/\/radiocresatelital.com\/index.php?rest_route=\/wp\/v2\/posts\/30038","targetHints":{"allow":["GET"]}}],"collection":[{"href":"https:\/\/radiocresatelital.com\/index.php?rest_route=\/wp\/v2\/posts"}],"about":[{"href":"https:\/\/radiocresatelital.com\/index.php?rest_route=\/wp\/v2\/types\/post"}],"author":[{"embeddable":true,"href":"https:\/\/radiocresatelital.com\/index.php?rest_route=\/wp\/v2\/users\/2"}],"replies":[{"embeddable":true,"href":"https:\/\/radiocresatelital.com\/index.php?rest_route=%2Fwp%2Fv2%2Fcomments&post=30038"}],"version-history":[{"count":1,"href":"https:\/\/radiocresatelital.com\/index.php?rest_route=\/wp\/v2\/posts\/30038\/revisions"}],"predecessor-version":[{"id":30040,"href":"https:\/\/radiocresatelital.com\/index.php?rest_route=\/wp\/v2\/posts\/30038\/revisions\/30040"}],"wp:featuredmedia":[{"embeddable":true,"href":"https:\/\/radiocresatelital.com\/index.php?rest_route=\/wp\/v2\/media\/30039"}],"wp:attachment":[{"href":"https:\/\/radiocresatelital.com\/index.php?rest_route=%2Fwp%2Fv2%2Fmedia&parent=30038"}],"wp:term":[{"taxonomy":"category","embeddable":true,"href":"https:\/\/radiocresatelital.com\/index.php?rest_route=%2Fwp%2Fv2%2Fcategories&post=30038"},{"taxonomy":"post_tag","embeddable":true,"href":"https:\/\/radiocresatelital.com\/index.php?rest_route=%2Fwp%2Fv2%2Ftags&post=30038"}],"curies":[{"name":"wp","href":"https:\/\/api.w.org\/{rel}","templated":true}]}}