{"id":29912,"date":"2025-06-13T20:50:52","date_gmt":"2025-06-13T20:50:52","guid":{"rendered":"https:\/\/radiocresatelital.com\/?p=29912"},"modified":"2025-06-13T20:50:52","modified_gmt":"2025-06-13T20:50:52","slug":"centro-infantil-bahia-celebro-el-dia-del-padre-con-talento-infantil-y-momentos-emotivos","status":"publish","type":"post","link":"https:\/\/radiocresatelital.com\/?p=29912","title":{"rendered":"Centro Infantil Bah\u00eda celebr\u00f3 el D\u00eda del Padre con talento infantil y momentos emotivos"},"content":{"rendered":"<p>Guayaquil.- Una ma\u00f1ana llena de alegr\u00eda, canto y bailes vivieron 50 padres junto a sus hijos en el Centro Municipal de Cuidado Infantil Bah\u00eda, ubicado en Cacique \u00c1lvarez, como parte de las celebraciones por el D\u00eda del Padre.<\/p>\n<p>El evento, organizado por DASE EP, tuvo como objetivo rendir homenaje a los padres que trabajan en el sector comercial de La Bah\u00eda, reconociendo su esfuerzo diario a trav\u00e9s de presentaciones art\u00edsticas protagonizadas por los menores que reciben atenci\u00f3n en el centro.<\/p>\n<p>Uno de los momentos m\u00e1s emotivos fue la interpretaci\u00f3n de la canci\u00f3n \u201cC\u00f3mo mi pap\u00e1\u201d, a cargo de Avril, quien dedic\u00f3 su presentaci\u00f3n a su padre, \u201cMe siento bendecido y agradecido con Dios. Mi hija es din\u00e1mica y talentosa, eso lo hered\u00f3 de su madre. Mi mayor recuerdo es el milagro de su nacimiento\u201d, expres\u00f3 conmovido Xavier R\u00edos.<\/p>\n<p>El espect\u00e1culo continu\u00f3 con m\u00e1s presentaciones en las que padres e hijos compartieron el escenario demostrando su talento, como fue el caso de Manuel Aragarbay y su hijo Iker. \u201cMe siento alegre y seguro de la educaci\u00f3n de mis hijos.<\/p>\n<p>En este establecimiento le han ayudado a desarrollar sus habilidades\u201d, expres\u00f3 Aragarbay.<\/p>\n<p>El Centro Municipal de Cuidado Infantil Bah\u00eda brinda atenci\u00f3n gratuita a ni\u00f1os en el horario de 08h00 a 15h00. Para acceder a este servicio, los padres deben presentar copias de sus c\u00e9dulas, la partida de nacimiento del menor, el carn\u00e9 de vacunas y una planilla de servicio b\u00e1sico.<\/p>\n<p>Con estas jornadas, la Alcald\u00eda de Guayaquil fortalece el v\u00ednculo familiar y rinde tributo a los padres de la Ciudad de Todos<\/p>\n","protected":false},"excerpt":{"rendered":"<p>Guayaquil.- Una ma\u00f1ana llena de alegr\u00eda, canto y bailes vivieron 50 padres junto a sus hijos en el Centro Municipal de Cuidado Infantil Bah\u00eda, ubicado en Cacique \u00c1lvarez, como parte de las celebraciones por el D\u00eda del Padre. El evento, organizado por DASE EP, tuvo como objetivo rendir homenaje a los padres que trabajan en [&hellip;]<\/p>\n","protected":false},"author":2,"featured_media":29913,"comment_status":"open","ping_status":"closed","sticky":false,"template":"","format":"standard","meta":{"_jetpack_memberships_contains_paid_content":false,"footnotes":""},"categories":[33,13],"tags":[4730],"class_list":["post-29912","post","type-post","status-publish","format-standard","has-post-thumbnail","hentry","category-guayaquil","category-noticias-nacionales","tag-centro-municipal-de-cuidado-infantil-bahia"],"jetpack_featured_media_url":"https:\/\/radiocresatelital.com\/wp-content\/uploads\/2025\/06\/centro-infantil-bahia-celebro-dia-padre-talento-infantil-momentos-emotivos8.jpg","jetpack_sharing_enabled":true,"_links":{"self":[{"href":"https:\/\/radiocresatelital.com\/index.php?rest_route=\/wp\/v2\/posts\/29912","targetHints":{"allow":["GET"]}}],"collection":[{"href":"https:\/\/radiocresatelital.com\/index.php?rest_route=\/wp\/v2\/posts"}],"about":[{"href":"https:\/\/radiocresatelital.com\/index.php?rest_route=\/wp\/v2\/types\/post"}],"author":[{"embeddable":true,"href":"https:\/\/radiocresatelital.com\/index.php?rest_route=\/wp\/v2\/users\/2"}],"replies":[{"embeddable":true,"href":"https:\/\/radiocresatelital.com\/index.php?rest_route=%2Fwp%2Fv2%2Fcomments&post=29912"}],"version-history":[{"count":1,"href":"https:\/\/radiocresatelital.com\/index.php?rest_route=\/wp\/v2\/posts\/29912\/revisions"}],"predecessor-version":[{"id":29914,"href":"https:\/\/radiocresatelital.com\/index.php?rest_route=\/wp\/v2\/posts\/29912\/revisions\/29914"}],"wp:featuredmedia":[{"embeddable":true,"href":"https:\/\/radiocresatelital.com\/index.php?rest_route=\/wp\/v2\/media\/29913"}],"wp:attachment":[{"href":"https:\/\/radiocresatelital.com\/index.php?rest_route=%2Fwp%2Fv2%2Fmedia&parent=29912"}],"wp:term":[{"taxonomy":"category","embeddable":true,"href":"https:\/\/radiocresatelital.com\/index.php?rest_route=%2Fwp%2Fv2%2Fcategories&post=29912"},{"taxonomy":"post_tag","embeddable":true,"href":"https:\/\/radiocresatelital.com\/index.php?rest_route=%2Fwp%2Fv2%2Ftags&post=29912"}],"curies":[{"name":"wp","href":"https:\/\/api.w.org\/{rel}","templated":true}]}}