{"id":29906,"date":"2025-06-13T20:40:42","date_gmt":"2025-06-13T20:40:42","guid":{"rendered":"https:\/\/radiocresatelital.com\/?p=29906"},"modified":"2025-06-13T20:41:08","modified_gmt":"2025-06-13T20:41:08","slug":"prefecta-aguinaga-cumple-agenda-territorial-en-daule-y-palestina","status":"publish","type":"post","link":"https:\/\/radiocresatelital.com\/?p=29906","title":{"rendered":"Prefecta Agui\u00f1aga cumple agenda territorial en Daule y Palestina"},"content":{"rendered":"<p><span style=\"font-weight: 400;\">Guayaquil.- La Prefecta Marcela Agui\u00f1aga cumpli\u00f3 con actividades en los cantones Daule y Palestina. Primero, lleg\u00f3 a la capital arrocera para supervisar los avances de la v\u00eda La Lorena-Laurel, en el recinto La Vuelta, donde actualmente se realiza un mantenimiento en 9 kms y un fresado en 270 metros de un tramo afectado fuertemente por la humedad.\u00a0<\/span><\/p>\n<p><span style=\"font-weight: 400;\">Habitantes de ese sector la esperaron para agradecerle por esta intervenci\u00f3n, que se traduce en progreso y desarrollo para la zona. Entre los beneficios se destacan:<\/span><span style=\"font-weight: 400;\">\u00a0<\/span><\/p>\n<ul>\n<li style=\"font-weight: 400;\" aria-level=\"1\"><span style=\"font-weight: 400;\">Mayor conectividad\u00a0<\/span><\/li>\n<li style=\"font-weight: 400;\" aria-level=\"1\"><span style=\"font-weight: 400;\">Generaci\u00f3n de rutas alternas<\/span><\/li>\n<li style=\"font-weight: 400;\" aria-level=\"1\"><span style=\"font-weight: 400;\">Dinamizaci\u00f3n de la econom\u00eda local<\/span><\/li>\n<li style=\"font-weight: 400;\" aria-level=\"1\"><span style=\"font-weight: 400;\">Una movilidad segura<\/span><\/li>\n<li style=\"font-weight: 400;\" aria-level=\"1\"><span style=\"font-weight: 400;\">Transportaci\u00f3n de productos<\/span><\/li>\n<\/ul>\n<p><span style=\"font-weight: 400;\">Culminada inspecci\u00f3n, la m\u00e1xima autoridad de la provincia se traslad\u00f3 a Palestina para entregar 500 kits agroecol\u00f3gicos a peque\u00f1os agricultores pertenecientes a 12 asociaciones: Barbasco de Arriba, Suruche, Luchadores de Barbasco, Guabito de Abajo, 3 de Agosto, Honestidad y Progreso, entre otras. Francisco Contreras, uno de los beneficiarios, aprovech\u00f3 para realzar el alcance que tienen estas acciones en el campo. \u201cEs una gran ayuda para nosotros los agricultores y gracias por tener esa mirada al agricultor\u201d, se\u00f1al\u00f3.\u00a0<\/span><\/p>\n<p><span style=\"font-weight: 400;\">De su parte, Agui\u00f1aga destac\u00f3 que estos insumos est\u00e1n priorizados a los peque\u00f1os agricultores, que son los m\u00e1s vulnerables de la cadena productiva. \u201cLa idea tambi\u00e9n es darles innovaci\u00f3n en la forma c\u00f3mo producen. Ahora el mundo entero habla de este tipo de tecnolog\u00eda, los kits agroecol\u00f3gicos que son m\u00e1s amigables con el ambiente, con la tierra y, al mismo tiempo, con las personas que los ponemos\u201d, dijo.<\/span><\/p>\n<p><span style=\"font-weight: 400;\">Adem\u00e1s, agreg\u00f3 que estos kits \u2013compuestos por dos sacos de 50 kg de fertilizante nitrogenado, un saco de 50 kg de fertilizante completo, un saco de 25 kg de materia org\u00e1nica, un litro de biofungicida y un frasco de 250cc de insecticida- hacen que la producci\u00f3n sea m\u00e1s eficiente, reducir sus costos y una mayor seguridad alimentaria.<\/span><\/p>\n","protected":false},"excerpt":{"rendered":"<p>Guayaquil.- La Prefecta Marcela Agui\u00f1aga cumpli\u00f3 con actividades en los cantones Daule y Palestina. Primero, lleg\u00f3 a la capital arrocera para supervisar los avances de la v\u00eda La Lorena-Laurel, en el recinto La Vuelta, donde actualmente se realiza un mantenimiento en 9 kms y un fresado en 270 metros de un tramo afectado fuertemente por [&hellip;]<\/p>\n","protected":false},"author":2,"featured_media":29907,"comment_status":"open","ping_status":"closed","sticky":false,"template":"","format":"standard","meta":{"_jetpack_memberships_contains_paid_content":false,"footnotes":""},"categories":[13],"tags":[2699],"class_list":["post-29906","post","type-post","status-publish","format-standard","has-post-thumbnail","hentry","category-noticias-nacionales","tag-prefecta-marcela-aguinaga"],"jetpack_featured_media_url":"https:\/\/radiocresatelital.com\/wp-content\/uploads\/2025\/06\/WhatsApp-Image-2025-06-12-at-3.58.13-PM2-scaled.jpeg","jetpack_sharing_enabled":true,"_links":{"self":[{"href":"https:\/\/radiocresatelital.com\/index.php?rest_route=\/wp\/v2\/posts\/29906","targetHints":{"allow":["GET"]}}],"collection":[{"href":"https:\/\/radiocresatelital.com\/index.php?rest_route=\/wp\/v2\/posts"}],"about":[{"href":"https:\/\/radiocresatelital.com\/index.php?rest_route=\/wp\/v2\/types\/post"}],"author":[{"embeddable":true,"href":"https:\/\/radiocresatelital.com\/index.php?rest_route=\/wp\/v2\/users\/2"}],"replies":[{"embeddable":true,"href":"https:\/\/radiocresatelital.com\/index.php?rest_route=%2Fwp%2Fv2%2Fcomments&post=29906"}],"version-history":[{"count":1,"href":"https:\/\/radiocresatelital.com\/index.php?rest_route=\/wp\/v2\/posts\/29906\/revisions"}],"predecessor-version":[{"id":29908,"href":"https:\/\/radiocresatelital.com\/index.php?rest_route=\/wp\/v2\/posts\/29906\/revisions\/29908"}],"wp:featuredmedia":[{"embeddable":true,"href":"https:\/\/radiocresatelital.com\/index.php?rest_route=\/wp\/v2\/media\/29907"}],"wp:attachment":[{"href":"https:\/\/radiocresatelital.com\/index.php?rest_route=%2Fwp%2Fv2%2Fmedia&parent=29906"}],"wp:term":[{"taxonomy":"category","embeddable":true,"href":"https:\/\/radiocresatelital.com\/index.php?rest_route=%2Fwp%2Fv2%2Fcategories&post=29906"},{"taxonomy":"post_tag","embeddable":true,"href":"https:\/\/radiocresatelital.com\/index.php?rest_route=%2Fwp%2Fv2%2Ftags&post=29906"}],"curies":[{"name":"wp","href":"https:\/\/api.w.org\/{rel}","templated":true}]}}