{"id":29724,"date":"2025-06-10T21:28:05","date_gmt":"2025-06-10T21:28:05","guid":{"rendered":"https:\/\/radiocresatelital.com\/?p=29724"},"modified":"2025-06-10T21:28:05","modified_gmt":"2025-06-10T21:28:05","slug":"milagros-fuentes-la-mejor-del-movistar-best-pc-en-la-primera-etapa-de-la-vuelta-a-colombia","status":"publish","type":"post","link":"https:\/\/radiocresatelital.com\/?p=29724","title":{"rendered":"Milagros Fuentes, la mejor del Movistar Best PC en la primera etapa de la Vuelta a Colombia"},"content":{"rendered":"<p>Quito.- La nueva incorporaci\u00f3n del Movistar Best PC, Milagros Fuentes, se convirti\u00f3 en la mejor ubicada despu\u00e9s de la primera etapa de la Vuelta a Colombia Femenina, que se cumpli\u00f3 este martes 10 de junio entre las ciudades de Cajic\u00e1 y Girardot, sobre 143.8 kil\u00f3metros.<\/p>\n<p>Con tan solo 19 a\u00f1os, la quite\u00f1a ingres\u00f3 junto al pelot\u00f3n principal, que realiz\u00f3 un tiempo de 3 horas, 19 minutos y 43 segundos para completar la distancia del primer d\u00eda de la ronda cafetera. La colombiana Pe\u00f1uela (Sistecredito \u2013 GW) se impuso al sprint y es la primera l\u00edder.<\/p>\n<p>La ciclista del Movistar Best PC se ubic\u00f3 en el puesto 47 de la etapa, con el mismo tiempo que la ganadora. Mientras que, en la clasificaci\u00f3n general, se coloca en la casilla 48 a 16 segundos de la corredora del Sistecredito \u2013 GW.<\/p>\n<p>Antes de viajar, Mili, como la conocen con cari\u00f1o, mencion\u00f3 que \u201cvoy con muchas ganas de aprender y aprovechar la experiencia para crecer en mi forma de correr, porque ser\u00e1 primera Vuelta a Colombia\u201d.<br \/>\nEl final se resolvi\u00f3 en un sprint agrupado, donde Pe\u00f1uela fue la m\u00e1s r\u00e1pida del pelot\u00f3n principal, en el que se inmiscuy\u00f3 Fuentes, dejando en claro que quiere ser protagonista.<\/p>\n<p>Por su parte, el resto de las corredoras del Movistar Best PC finalizaron en los puestos 71 Ana Sol Salgado, 72 Marcela Pe\u00f1afiel, 75 Ana Mar\u00eda Torres y 114 la colombiana Natalia Carmona. Esas mismas posiciones las mantienen en la general.<\/p>\n<p>Este mi\u00e9rcoles se cumplir\u00e1 la segunda etapa, con salida en Girardot y luego de 114 kil\u00f3metros llegar al Alto de la L\u00ednea, un paso de monta\u00f1a en la cordillera central de Colombia, ubicado a unos 3.265 metros sobre el nivel del mar.<\/p>\n","protected":false},"excerpt":{"rendered":"<p>Quito.- La nueva incorporaci\u00f3n del Movistar Best PC, Milagros Fuentes, se convirti\u00f3 en la mejor ubicada despu\u00e9s de la primera etapa de la Vuelta a Colombia Femenina, que se cumpli\u00f3 este martes 10 de junio entre las ciudades de Cajic\u00e1 y Girardot, sobre 143.8 kil\u00f3metros. Con tan solo 19 a\u00f1os, la quite\u00f1a ingres\u00f3 junto al [&hellip;]<\/p>\n","protected":false},"author":2,"featured_media":29725,"comment_status":"open","ping_status":"closed","sticky":false,"template":"","format":"standard","meta":{"_jetpack_memberships_contains_paid_content":false,"footnotes":""},"categories":[120,9],"tags":[1029],"class_list":["post-29724","post","type-post","status-publish","format-standard","has-post-thumbnail","hentry","category-ciclismo","category-deportes","tag-movistar-best-pc"],"jetpack_featured_media_url":"https:\/\/radiocresatelital.com\/wp-content\/uploads\/2025\/06\/WhatsApp-Image-2025-06-10-at-16.08.26.jpeg","jetpack_sharing_enabled":true,"_links":{"self":[{"href":"https:\/\/radiocresatelital.com\/index.php?rest_route=\/wp\/v2\/posts\/29724","targetHints":{"allow":["GET"]}}],"collection":[{"href":"https:\/\/radiocresatelital.com\/index.php?rest_route=\/wp\/v2\/posts"}],"about":[{"href":"https:\/\/radiocresatelital.com\/index.php?rest_route=\/wp\/v2\/types\/post"}],"author":[{"embeddable":true,"href":"https:\/\/radiocresatelital.com\/index.php?rest_route=\/wp\/v2\/users\/2"}],"replies":[{"embeddable":true,"href":"https:\/\/radiocresatelital.com\/index.php?rest_route=%2Fwp%2Fv2%2Fcomments&post=29724"}],"version-history":[{"count":1,"href":"https:\/\/radiocresatelital.com\/index.php?rest_route=\/wp\/v2\/posts\/29724\/revisions"}],"predecessor-version":[{"id":29726,"href":"https:\/\/radiocresatelital.com\/index.php?rest_route=\/wp\/v2\/posts\/29724\/revisions\/29726"}],"wp:featuredmedia":[{"embeddable":true,"href":"https:\/\/radiocresatelital.com\/index.php?rest_route=\/wp\/v2\/media\/29725"}],"wp:attachment":[{"href":"https:\/\/radiocresatelital.com\/index.php?rest_route=%2Fwp%2Fv2%2Fmedia&parent=29724"}],"wp:term":[{"taxonomy":"category","embeddable":true,"href":"https:\/\/radiocresatelital.com\/index.php?rest_route=%2Fwp%2Fv2%2Fcategories&post=29724"},{"taxonomy":"post_tag","embeddable":true,"href":"https:\/\/radiocresatelital.com\/index.php?rest_route=%2Fwp%2Fv2%2Ftags&post=29724"}],"curies":[{"name":"wp","href":"https:\/\/api.w.org\/{rel}","templated":true}]}}