{"id":29641,"date":"2025-06-09T21:26:58","date_gmt":"2025-06-09T21:26:58","guid":{"rendered":"https:\/\/radiocresatelital.com\/?p=29641"},"modified":"2025-06-09T21:26:58","modified_gmt":"2025-06-09T21:26:58","slug":"barcelona-caballito-se-aduena-de-santo-domingo-al-derrotar-a-guerreros-por-liga-basquet-pro","status":"publish","type":"post","link":"https:\/\/radiocresatelital.com\/?p=29641","title":{"rendered":"Barcelona Caballito se adue\u00f1a de Santo Domingo al derrotar a Guerreros por Liga B\u00e1squet Pro"},"content":{"rendered":"<p>Santo Domingo de los Ts\u00e1chilas.- Barcelona Caballito se mantiene invicto jugada la segunda fecha de la Liga B\u00e1squetPro luego de vencer a Guerreros en el propio Coliseo Ts\u00e1chila de la localidad de Santo Domingo (la quinta ciudad econ\u00f3micamente hablando del pa\u00eds).<\/p>\n<p>El encuentro fue muy parejo de principio a fin, mostrando a la visita s\u00f3lido en defensa y r\u00e1pido a la ofensiva.<\/p>\n<p>El mejor valorado en el juego (con 26) fue el norteamericano Branden Bunn (alero\/escolta de 1,89 m) con 27 puntos (4 triples), 3 rebotes y 1 asistencia en 30 minutos sobre la duela, apoyado por los 13 puntos de Gabi y Sinconi.<\/p>\n<p>El brasile\u00f1o (Gabriel Campos, 1.80 m), con valoraci\u00f3n de 20, anot\u00f3 13 unidades (de ellos 3 triples), 9<br \/>\nasistencias y 5 rebotes en algo m\u00e1s de 31 minutos en la cancha, mientras que el argentino Gian Franco<br \/>\nSinconi (pivot de 2,04) logr\u00f3 las mismas 13 unidades (2 triples) y 5 rebotes en casi 35 minutos sobre la duela con una valoraci\u00f3n de 10.<\/p>\n<p>Cabe anotar que el porcentaje de aciertos en triples del equipo fue del 43% con tan solo 6 p\u00e9rdidas de<br \/>\nbal\u00f3n a lo largo del juego.<\/p>\n<p>La pr\u00f3xima fecha (#3) se jugar\u00e1 en el Abel Jim\u00e9nez Parra de Parque Samanes, este mi\u00e9rcoles 11 de junio a las 20h30 ante otro invicto: Club Jorge Guzm\u00e1n de Loja, que seguro traer\u00e1 mucha gente al coliseo<br \/>\nguayaquile\u00f1o, raz\u00f3n por la cual hay que llegar temprano para apoyar al \u00fanico representante de la \u201cPerla del Pac\u00edfico\u201d en la Liga y uno de los dos de toda la Costa ecuatoriana.<\/p>\n<p><strong>Habr\u00e1n grandes premios para los aficionados asistentes.<\/strong><br \/>\nLa tabla de posiciones ubica a Barcelona Caballito en el primer lugar junto a otros tres equipos que han<br \/>\nganado sus dos encuentros en fila.<\/p>\n","protected":false},"excerpt":{"rendered":"<p>Santo Domingo de los Ts\u00e1chilas.- Barcelona Caballito se mantiene invicto jugada la segunda fecha de la Liga B\u00e1squetPro luego de vencer a Guerreros en el propio Coliseo Ts\u00e1chila de la localidad de Santo Domingo (la quinta ciudad econ\u00f3micamente hablando del pa\u00eds). El encuentro fue muy parejo de principio a fin, mostrando a la visita s\u00f3lido [&hellip;]<\/p>\n","protected":false},"author":2,"featured_media":29642,"comment_status":"open","ping_status":"closed","sticky":false,"template":"","format":"standard","meta":{"_jetpack_memberships_contains_paid_content":false,"footnotes":""},"categories":[96,9],"tags":[4653,2432],"class_list":["post-29641","post","type-post","status-publish","format-standard","has-post-thumbnail","hentry","category-basquetball","category-deportes","tag-barcelona-caballito","tag-liga-basquet-pro"],"jetpack_featured_media_url":"https:\/\/radiocresatelital.com\/wp-content\/uploads\/2025\/06\/WhatsApp-Image-2025-06-08-at-11.40.36.jpeg","jetpack_sharing_enabled":true,"_links":{"self":[{"href":"https:\/\/radiocresatelital.com\/index.php?rest_route=\/wp\/v2\/posts\/29641","targetHints":{"allow":["GET"]}}],"collection":[{"href":"https:\/\/radiocresatelital.com\/index.php?rest_route=\/wp\/v2\/posts"}],"about":[{"href":"https:\/\/radiocresatelital.com\/index.php?rest_route=\/wp\/v2\/types\/post"}],"author":[{"embeddable":true,"href":"https:\/\/radiocresatelital.com\/index.php?rest_route=\/wp\/v2\/users\/2"}],"replies":[{"embeddable":true,"href":"https:\/\/radiocresatelital.com\/index.php?rest_route=%2Fwp%2Fv2%2Fcomments&post=29641"}],"version-history":[{"count":1,"href":"https:\/\/radiocresatelital.com\/index.php?rest_route=\/wp\/v2\/posts\/29641\/revisions"}],"predecessor-version":[{"id":29643,"href":"https:\/\/radiocresatelital.com\/index.php?rest_route=\/wp\/v2\/posts\/29641\/revisions\/29643"}],"wp:featuredmedia":[{"embeddable":true,"href":"https:\/\/radiocresatelital.com\/index.php?rest_route=\/wp\/v2\/media\/29642"}],"wp:attachment":[{"href":"https:\/\/radiocresatelital.com\/index.php?rest_route=%2Fwp%2Fv2%2Fmedia&parent=29641"}],"wp:term":[{"taxonomy":"category","embeddable":true,"href":"https:\/\/radiocresatelital.com\/index.php?rest_route=%2Fwp%2Fv2%2Fcategories&post=29641"},{"taxonomy":"post_tag","embeddable":true,"href":"https:\/\/radiocresatelital.com\/index.php?rest_route=%2Fwp%2Fv2%2Ftags&post=29641"}],"curies":[{"name":"wp","href":"https:\/\/api.w.org\/{rel}","templated":true}]}}