{"id":29622,"date":"2025-06-09T20:49:46","date_gmt":"2025-06-09T20:49:46","guid":{"rendered":"https:\/\/radiocresatelital.com\/?p=29622"},"modified":"2025-06-09T20:49:46","modified_gmt":"2025-06-09T20:49:46","slug":"arranco-el-selectivo-para-el-sudamericano-sub-16","status":"publish","type":"post","link":"https:\/\/radiocresatelital.com\/?p=29622","title":{"rendered":"Arranc\u00f3 el selectivo para el Sudamericano sub-16"},"content":{"rendered":"<p>Guayaquil.- Ocho tenistas, en damas, y cuatro, en varones, compiten desde este lunes en el selectivo para conformar la delegaci\u00f3n que estar\u00e1 en el Campeonato Sudamericano sub-16 a jugarse en Asunci\u00f3n (Paraguay) del 28 de julio al 2 de agosto.<\/p>\n<p>Para damas el sistema de competencia se dividi\u00f3 en dos grupos. En el grupo A, que integran tenistas de Guayas, Estefan\u00eda Novoa derrot\u00f3 a Arianna Ponce 6-1, 6-4; y, Yuberli Carrillo a Ayleen Mac\u00edas 7-5, 4-6, 6-4.<\/p>\n<p>En el grupo B, la guayasense Ana J\u00e1tiva venci\u00f3 a la orense Ailen Rojas 6-1, 6-3. La riosense Karolaine Rivera gan\u00f3 a la local Alenka Hilbron 6-2, 6-2.<\/p>\n<p>En varones, Sergio Castro, de Guayas, dobleg\u00f3 6-1, 7-6(5) al orense Fernando Gonz\u00e1lez; y, el guayasense Felipe Wright venci\u00f3 a su coterr\u00e1neo Bruno Cabezas 7-5, 6-3.<\/p>\n<p>Para el equipo femenino las ocho tenistas compiten por dos cupos, quienes acompa\u00f1ar\u00e1n a la pichinchana Isabella Y\u00e9pez, n\u00famero 1 del ranking nacional en la categor\u00eda.<\/p>\n<p>En varones se define un solo cupo, quien se unir\u00e1 a Jaime Robles (Manab\u00ed), n\u00famero 1 del ranking nacional; y, a Emilio Camacho (Pichincha) por sus m\u00e9ritos deportivos.<\/p>\n<p>El Sudamericano de la categor\u00eda es un evento clasificatorio a Davis Cup &amp; Billie Jean King Cup Junior by Gainbridge Finals, a jugarse en Chile en noviembre pr\u00f3ximo.<\/p>\n<p>PROGRAMACI\u00d3N MARTES 10 DE JUNIO<br \/>\n10h30<br \/>\nDAMAS<br \/>\nGrupo A<br \/>\nEstefan\u00eda NOVOA (GUA) vs. Yuberli CARRILLO (GUA)<br \/>\nAyleen MAC\u00cdAS (GUA) vs. Arianna PONCE (GUA)<\/p>\n<p>Grupo B<br \/>\nAna J\u00c1TIVA (GUA) vs. Karolaine RIVERA (RIO)<br \/>\nAlenka HILBRON (GUA) vs. Ailen ROJAS (ORO)<\/p>\n<p>11h30<br \/>\nVARONES<br \/>\nSergio CASTRO (GUA) vs. Felipe WRIGHT (GUA)<br \/>\nBruno CABEZAS (GUA) vs. Fernando GONZ\u00c1LEZ (ORO)<\/p>\n","protected":false},"excerpt":{"rendered":"<p>Guayaquil.- Ocho tenistas, en damas, y cuatro, en varones, compiten desde este lunes en el selectivo para conformar la delegaci\u00f3n que estar\u00e1 en el Campeonato Sudamericano sub-16 a jugarse en Asunci\u00f3n (Paraguay) del 28 de julio al 2 de agosto. Para damas el sistema de competencia se dividi\u00f3 en dos grupos. En el grupo A, [&hellip;]<\/p>\n","protected":false},"author":2,"featured_media":29623,"comment_status":"open","ping_status":"closed","sticky":false,"template":"","format":"standard","meta":{"_jetpack_memberships_contains_paid_content":false,"footnotes":""},"categories":[9,64],"tags":[304],"class_list":["post-29622","post","type-post","status-publish","format-standard","has-post-thumbnail","hentry","category-deportes","category-tenis","tag-campeonato-sudamericano-sub-16"],"jetpack_featured_media_url":"https:\/\/radiocresatelital.com\/wp-content\/uploads\/2025\/06\/WhatsApp-Image-2025-06-09-at-15.44.39.jpeg","jetpack_sharing_enabled":true,"_links":{"self":[{"href":"https:\/\/radiocresatelital.com\/index.php?rest_route=\/wp\/v2\/posts\/29622","targetHints":{"allow":["GET"]}}],"collection":[{"href":"https:\/\/radiocresatelital.com\/index.php?rest_route=\/wp\/v2\/posts"}],"about":[{"href":"https:\/\/radiocresatelital.com\/index.php?rest_route=\/wp\/v2\/types\/post"}],"author":[{"embeddable":true,"href":"https:\/\/radiocresatelital.com\/index.php?rest_route=\/wp\/v2\/users\/2"}],"replies":[{"embeddable":true,"href":"https:\/\/radiocresatelital.com\/index.php?rest_route=%2Fwp%2Fv2%2Fcomments&post=29622"}],"version-history":[{"count":1,"href":"https:\/\/radiocresatelital.com\/index.php?rest_route=\/wp\/v2\/posts\/29622\/revisions"}],"predecessor-version":[{"id":29624,"href":"https:\/\/radiocresatelital.com\/index.php?rest_route=\/wp\/v2\/posts\/29622\/revisions\/29624"}],"wp:featuredmedia":[{"embeddable":true,"href":"https:\/\/radiocresatelital.com\/index.php?rest_route=\/wp\/v2\/media\/29623"}],"wp:attachment":[{"href":"https:\/\/radiocresatelital.com\/index.php?rest_route=%2Fwp%2Fv2%2Fmedia&parent=29622"}],"wp:term":[{"taxonomy":"category","embeddable":true,"href":"https:\/\/radiocresatelital.com\/index.php?rest_route=%2Fwp%2Fv2%2Fcategories&post=29622"},{"taxonomy":"post_tag","embeddable":true,"href":"https:\/\/radiocresatelital.com\/index.php?rest_route=%2Fwp%2Fv2%2Ftags&post=29622"}],"curies":[{"name":"wp","href":"https:\/\/api.w.org\/{rel}","templated":true}]}}