{"id":29563,"date":"2025-06-06T20:42:14","date_gmt":"2025-06-06T20:42:14","guid":{"rendered":"https:\/\/radiocresatelital.com\/?p=29563"},"modified":"2025-06-06T23:43:48","modified_gmt":"2025-06-06T23:43:48","slug":"mas-de-150-corredores-se-unieron-para-celebrar-el-dia-mundial-del-running","status":"publish","type":"post","link":"https:\/\/radiocresatelital.com\/?p=29563","title":{"rendered":"M\u00e1s de 150 corredores se unieron para celebrar el D\u00eda Mundial del Running"},"content":{"rendered":"<p>Quito.- En el marco del D\u00eda Mundial del Running, m\u00e1s de 150 amantes del deporte se dieron cita para vivir una jornada de deporte y diversi\u00f3n. El punto de encuentro fue la tienda adidas de Mall El Jard\u00edn, para vivir una experiencia inolvidable junto a la comunidad de corredores m\u00e1s vibrante de Quito..<\/p>\n<p>Desde las primeras horas de la tarde, la tienda adidas se convirti\u00f3 en el punto de encuentro para quienes viven el running como una pasi\u00f3n. Los asistentes participaron en un calentamiento dirigido por entrenadores certificados, seguido de una carrera grupal por las rutas m\u00e1s representativas del Parque La Carolina. Durante el trayecto, se respir\u00f3 un ambiente de entusiasmo y camarader\u00eda, con apoyo mutuo y mucha motivaci\u00f3n para celebrar esta fecha mundial dedicada al deporte que mueve al mundo.<\/p>\n<p>Tras completar el recorrido, los corredores regresaron a la tienda donde los esperaba una experiencia \u00fanica: luces, DJ en vivo, bebidas, snacks, descuentos especiales en productos de running y un ambiente vibrante que transform\u00f3 el espacio en una aut\u00e9ntica fiesta.<\/p>\n<p>\u201cQuer\u00edamos que este D\u00eda Mundial del Running fuera memorable, no solo por la carrera, sino por la conexi\u00f3n que genera el deporte. En adidas creemos en el poder del running para unir a las personas, y transformar vidas. Hoy celebramos esa energ\u00eda que nace al correr juntos\u201d, expres\u00f3 Eduardo Mart\u00ednez, gerente de Marketing de adidas Ecuador.<\/p>\n<p>La iniciativa form\u00f3 parte del movimiento global de adidas por inspirar a las personas a moverse, cuidarse y disfrutar del deporte en comunidad. Con esta celebraci\u00f3n, adidas reafirma su compromiso con el running como parte esencial de un estilo de vida activo y saludable, promoviendo la inclusi\u00f3n, la motivaci\u00f3n y la alegr\u00eda de correr, sin importar el ritmo ni la distancia.<\/p>\n","protected":false},"excerpt":{"rendered":"<p>Quito.- En el marco del D\u00eda Mundial del Running, m\u00e1s de 150 amantes del deporte se dieron cita para vivir una jornada de deporte y diversi\u00f3n. El punto de encuentro fue la tienda adidas de Mall El Jard\u00edn, para vivir una experiencia inolvidable junto a la comunidad de corredores m\u00e1s vibrante de Quito.. Desde las [&hellip;]<\/p>\n","protected":false},"author":2,"featured_media":29564,"comment_status":"open","ping_status":"closed","sticky":false,"template":"","format":"standard","meta":{"_jetpack_memberships_contains_paid_content":false,"footnotes":""},"categories":[9],"tags":[2184,4682],"class_list":["post-29563","post","type-post","status-publish","format-standard","has-post-thumbnail","hentry","category-deportes","tag-adidas","tag-dia-mundial-del-running"],"jetpack_featured_media_url":"https:\/\/radiocresatelital.com\/wp-content\/uploads\/2025\/06\/WhatsApp-Image-2025-06-06-at-15.48.06.jpeg","jetpack_sharing_enabled":true,"_links":{"self":[{"href":"https:\/\/radiocresatelital.com\/index.php?rest_route=\/wp\/v2\/posts\/29563","targetHints":{"allow":["GET"]}}],"collection":[{"href":"https:\/\/radiocresatelital.com\/index.php?rest_route=\/wp\/v2\/posts"}],"about":[{"href":"https:\/\/radiocresatelital.com\/index.php?rest_route=\/wp\/v2\/types\/post"}],"author":[{"embeddable":true,"href":"https:\/\/radiocresatelital.com\/index.php?rest_route=\/wp\/v2\/users\/2"}],"replies":[{"embeddable":true,"href":"https:\/\/radiocresatelital.com\/index.php?rest_route=%2Fwp%2Fv2%2Fcomments&post=29563"}],"version-history":[{"count":1,"href":"https:\/\/radiocresatelital.com\/index.php?rest_route=\/wp\/v2\/posts\/29563\/revisions"}],"predecessor-version":[{"id":29565,"href":"https:\/\/radiocresatelital.com\/index.php?rest_route=\/wp\/v2\/posts\/29563\/revisions\/29565"}],"wp:featuredmedia":[{"embeddable":true,"href":"https:\/\/radiocresatelital.com\/index.php?rest_route=\/wp\/v2\/media\/29564"}],"wp:attachment":[{"href":"https:\/\/radiocresatelital.com\/index.php?rest_route=%2Fwp%2Fv2%2Fmedia&parent=29563"}],"wp:term":[{"taxonomy":"category","embeddable":true,"href":"https:\/\/radiocresatelital.com\/index.php?rest_route=%2Fwp%2Fv2%2Fcategories&post=29563"},{"taxonomy":"post_tag","embeddable":true,"href":"https:\/\/radiocresatelital.com\/index.php?rest_route=%2Fwp%2Fv2%2Ftags&post=29563"}],"curies":[{"name":"wp","href":"https:\/\/api.w.org\/{rel}","templated":true}]}}