{"id":29539,"date":"2025-06-06T22:07:44","date_gmt":"2025-06-06T22:07:44","guid":{"rendered":"https:\/\/radiocresatelital.com\/?p=29539"},"modified":"2025-06-06T22:07:44","modified_gmt":"2025-06-06T22:07:44","slug":"19-258-pacientes-recibieron-atencion-en-medicina-fisica-y-rehabilitacion-de-hospital-teofilo-davila","status":"publish","type":"post","link":"https:\/\/radiocresatelital.com\/?p=29539","title":{"rendered":"19.258 pacientes recibieron atenci\u00f3n en Medicina F\u00edsica y Rehabilitaci\u00f3n de Hospital Te\u00f3filo D\u00e1vila"},"content":{"rendered":"<p>Machala.- De enero a mayo de 2025 el \u00e1rea de Medicina F\u00edsica y Rehabilitaci\u00f3n del Hospital General Te\u00f3filo D\u00e1vila de Machala (HTD), brind\u00f3 19.258 atenciones a pacientes con discapacidad y problemas f\u00edsicos en las \u00e1reas de terapia ocupacional, audiolog\u00eda, rehabilitaci\u00f3n f\u00edsica, terapias de lenguaje, terapias respiratorias, entre otras.<\/p>\n<p>Maricela Dur\u00e1n, responsable del Servicio de Medicina F\u00edsica y Rehabilitaci\u00f3n, indic\u00f3 que a trav\u00e9s de las diferentes terapias de recuperaci\u00f3n que ofrece el hospital, se ha logrado mejorar la calidad de vida de ni\u00f1os y adultos.<\/p>\n<p>Cecibel O\u00f1a, agradece al servicio de Medicina F\u00edsica Rehabilitaci\u00f3n del HTD por la recuperaci\u00f3n de su madre (Isabel Ochoa, de 77 a\u00f1os), quien sufri\u00f3 fractura en su pierna y cadera, por lo que la fisioterapeuta le envi\u00f3 terapias para su recuperaci\u00f3n.<\/p>\n<p>\u201cMi madre adolece de otras enfermedades de base y por ello su tratamiento debe ser m\u00e1s largo, pero ha tenido excelentes mejor\u00edas. Mi madre ya ha recuperado su movilidad y por ello estamos a gusto con las terapias peri\u00f3dicas que aqu\u00ed nos brindan\u201d, dijo O\u00f1a.<\/p>\n<p>De igual forma, Dolores Luque, de 65 a\u00f1os, quien sufre de Parkinson y artrosis, desde hace dos a\u00f1os recibe terapias de rehabilitaci\u00f3n para no perder su movilidad, destaca los beneficios de acudir regularmente a recibir sus terapias.<\/p>\n<p>\u201cLas terapias me ayudan a mantener la movilidad y la independencia, conozco personas que est\u00e1n postradas en una cama, pero gracias a la atenci\u00f3n que aqu\u00ed me brindan tengo gran mejor\u00eda. Antes ten\u00eda dolores e incluso mis tendones estaban recogidos. Gracias a este servicio estamos mucho mejor\u201d, manifest\u00f3 Luque.<\/p>\n<p>Seg\u00fan datos estad\u00edsticos, de enero a mayo de 2025, en el \u00e1rea de Medicina F\u00edsica y Rehabilitaci\u00f3n del Hospital Te\u00f3filo D\u00e1vila se han realizado 10.010 Terapias F\u00edsicas, 5.597 Terapias Respiratorias, 1.008 Terapias Ocupacionales, 1.647 atenciones de Audiolog\u00eda, y 996 terapias de lenguaje.<\/p>\n","protected":false},"excerpt":{"rendered":"<p>Machala.- De enero a mayo de 2025 el \u00e1rea de Medicina F\u00edsica y Rehabilitaci\u00f3n del Hospital General Te\u00f3filo D\u00e1vila de Machala (HTD), brind\u00f3 19.258 atenciones a pacientes con discapacidad y problemas f\u00edsicos en las \u00e1reas de terapia ocupacional, audiolog\u00eda, rehabilitaci\u00f3n f\u00edsica, terapias de lenguaje, terapias respiratorias, entre otras. Maricela Dur\u00e1n, responsable del Servicio de Medicina [&hellip;]<\/p>\n","protected":false},"author":2,"featured_media":29540,"comment_status":"open","ping_status":"closed","sticky":false,"template":"","format":"standard","meta":{"_jetpack_memberships_contains_paid_content":false,"footnotes":""},"categories":[13],"tags":[4676],"class_list":["post-29539","post","type-post","status-publish","format-standard","has-post-thumbnail","hentry","category-noticias-nacionales","tag-hospital-general-teofilo-davila-de-machala"],"jetpack_featured_media_url":"https:\/\/radiocresatelital.com\/wp-content\/uploads\/2025\/06\/WhatsApp-Image-2025-06-06-at-12.27.40.jpeg","jetpack_sharing_enabled":true,"_links":{"self":[{"href":"https:\/\/radiocresatelital.com\/index.php?rest_route=\/wp\/v2\/posts\/29539","targetHints":{"allow":["GET"]}}],"collection":[{"href":"https:\/\/radiocresatelital.com\/index.php?rest_route=\/wp\/v2\/posts"}],"about":[{"href":"https:\/\/radiocresatelital.com\/index.php?rest_route=\/wp\/v2\/types\/post"}],"author":[{"embeddable":true,"href":"https:\/\/radiocresatelital.com\/index.php?rest_route=\/wp\/v2\/users\/2"}],"replies":[{"embeddable":true,"href":"https:\/\/radiocresatelital.com\/index.php?rest_route=%2Fwp%2Fv2%2Fcomments&post=29539"}],"version-history":[{"count":1,"href":"https:\/\/radiocresatelital.com\/index.php?rest_route=\/wp\/v2\/posts\/29539\/revisions"}],"predecessor-version":[{"id":29541,"href":"https:\/\/radiocresatelital.com\/index.php?rest_route=\/wp\/v2\/posts\/29539\/revisions\/29541"}],"wp:featuredmedia":[{"embeddable":true,"href":"https:\/\/radiocresatelital.com\/index.php?rest_route=\/wp\/v2\/media\/29540"}],"wp:attachment":[{"href":"https:\/\/radiocresatelital.com\/index.php?rest_route=%2Fwp%2Fv2%2Fmedia&parent=29539"}],"wp:term":[{"taxonomy":"category","embeddable":true,"href":"https:\/\/radiocresatelital.com\/index.php?rest_route=%2Fwp%2Fv2%2Fcategories&post=29539"},{"taxonomy":"post_tag","embeddable":true,"href":"https:\/\/radiocresatelital.com\/index.php?rest_route=%2Fwp%2Fv2%2Ftags&post=29539"}],"curies":[{"name":"wp","href":"https:\/\/api.w.org\/{rel}","templated":true}]}}