{"id":29358,"date":"2025-06-03T19:36:29","date_gmt":"2025-06-03T19:36:29","guid":{"rendered":"https:\/\/radiocresatelital.com\/?p=29358"},"modified":"2025-06-03T21:08:20","modified_gmt":"2025-06-03T21:08:20","slug":"ecuador-se-alista-para-la-billie-jean-king-cup-en-peru","status":"publish","type":"post","link":"https:\/\/radiocresatelital.com\/?p=29358","title":{"rendered":"Ecuador se alista para la Billie Jean King Cup en Per\u00fa"},"content":{"rendered":"<p>Guayaquil.- Camila Romero, Mell Reasco, Tania Andrade, Valeska San Mart\u00edn y Valentina Vargas conforman el equipo ecuatoriano femenino que nos representar\u00e1 en la Billie Jean King Cup Grupo II Americano, que se jugar\u00e1 en el Club Lawn Tennis de la Exposici\u00f3n de Lima (Per\u00fa) del 18 al 21 de junio.<\/p>\n<p>La Billie Jean King Cup (BJKC), considerada la Copa Davis femenina, tendr\u00e1 a ocho naciones en busca de los dos cupos para ascender al Grupo 1 de Am\u00e9rica en 2026: Barbados, Bolivia, Costa Rica, Rep\u00fablica Dominicana, Ecuador, Honduras, Per\u00fa y Puerto Rico.<\/p>\n<p>Camila Romero, #422 del ranking WTA, viene jugando torneos profesionales del ITF World Tennis Tour. En mayo pasado gan\u00f3 el t\u00edtulo en dobles del W15 Trelew (Argentina). Lleva 8 a\u00f1os jugando la BJKC.<\/p>\n<p>Mientras que Mell Reasco ha representado al pa\u00eds en este evento durante 4 a\u00f1os; Tania Andrade, 3 a\u00f1os; Valeska San Mart\u00edn, 2 a\u00f1os; y, Valentina Vargas, 1 a\u00f1o. Este ser\u00e1 el segundo a\u00f1o como capitana para Dom\u00e9nica \u201cla Gata\u201d Gonz\u00e1lez, que como jugadora defendi\u00f3 6 a\u00f1os los colores del pa\u00eds.<\/p>\n<p>Andrade y San Mart\u00edn tienen previsto viajar a Per\u00fa desde Ecuador el pr\u00f3ximo domingo 15 de junio. Romero y Reasco saldr\u00e1n desde Rep\u00fablica Dominicana; y, Vargas lo har\u00e1 desde Espa\u00f1a.<\/p>\n<p>RANKING DE NACIONES<br \/>\n54 Per\u00fa<br \/>\n56 Bolivia<br \/>\n58 Ecuador<br \/>\n60 Rep\u00fablica Dominicana<br \/>\n63 Honduras<br \/>\n67 Puerto Rico<br \/>\n68 Costa Rica<br \/>\n71 Barbados<\/p>\n","protected":false},"excerpt":{"rendered":"<p>Guayaquil.- Camila Romero, Mell Reasco, Tania Andrade, Valeska San Mart\u00edn y Valentina Vargas conforman el equipo ecuatoriano femenino que nos representar\u00e1 en la Billie Jean King Cup Grupo II Americano, que se jugar\u00e1 en el Club Lawn Tennis de la Exposici\u00f3n de Lima (Per\u00fa) del 18 al 21 de junio. La Billie Jean King Cup [&hellip;]<\/p>\n","protected":false},"author":2,"featured_media":29359,"comment_status":"open","ping_status":"closed","sticky":false,"template":"","format":"standard","meta":{"_jetpack_memberships_contains_paid_content":false,"footnotes":""},"categories":[9,64],"tags":[357],"class_list":["post-29358","post","type-post","status-publish","format-standard","has-post-thumbnail","hentry","category-deportes","category-tenis","tag-billie-jean-king-cup"],"jetpack_featured_media_url":"https:\/\/radiocresatelital.com\/wp-content\/uploads\/2025\/06\/WhatsApp-Image-2025-06-03-at-14.34.45.jpeg","jetpack_sharing_enabled":true,"_links":{"self":[{"href":"https:\/\/radiocresatelital.com\/index.php?rest_route=\/wp\/v2\/posts\/29358","targetHints":{"allow":["GET"]}}],"collection":[{"href":"https:\/\/radiocresatelital.com\/index.php?rest_route=\/wp\/v2\/posts"}],"about":[{"href":"https:\/\/radiocresatelital.com\/index.php?rest_route=\/wp\/v2\/types\/post"}],"author":[{"embeddable":true,"href":"https:\/\/radiocresatelital.com\/index.php?rest_route=\/wp\/v2\/users\/2"}],"replies":[{"embeddable":true,"href":"https:\/\/radiocresatelital.com\/index.php?rest_route=%2Fwp%2Fv2%2Fcomments&post=29358"}],"version-history":[{"count":2,"href":"https:\/\/radiocresatelital.com\/index.php?rest_route=\/wp\/v2\/posts\/29358\/revisions"}],"predecessor-version":[{"id":29380,"href":"https:\/\/radiocresatelital.com\/index.php?rest_route=\/wp\/v2\/posts\/29358\/revisions\/29380"}],"wp:featuredmedia":[{"embeddable":true,"href":"https:\/\/radiocresatelital.com\/index.php?rest_route=\/wp\/v2\/media\/29359"}],"wp:attachment":[{"href":"https:\/\/radiocresatelital.com\/index.php?rest_route=%2Fwp%2Fv2%2Fmedia&parent=29358"}],"wp:term":[{"taxonomy":"category","embeddable":true,"href":"https:\/\/radiocresatelital.com\/index.php?rest_route=%2Fwp%2Fv2%2Fcategories&post=29358"},{"taxonomy":"post_tag","embeddable":true,"href":"https:\/\/radiocresatelital.com\/index.php?rest_route=%2Fwp%2Fv2%2Ftags&post=29358"}],"curies":[{"name":"wp","href":"https:\/\/api.w.org\/{rel}","templated":true}]}}