{"id":29231,"date":"2025-06-01T15:59:32","date_gmt":"2025-06-01T15:59:32","guid":{"rendered":"https:\/\/radiocresatelital.com\/?p=29231"},"modified":"2025-06-01T15:59:32","modified_gmt":"2025-06-01T15:59:32","slug":"oscar-piastri-no-afloja-la-punta-del-mundial-de-formula-uno-al-ganar-el-gran-premio-de-espana","status":"publish","type":"post","link":"https:\/\/radiocresatelital.com\/?p=29231","title":{"rendered":"Oscar Piastri no afloja la punta del Mundial de F\u00f3rmula Uno al ganar el Gran Premio de Espa\u00f1a"},"content":{"rendered":"<p>Barcelona.- El piloto de McLaren, Oscar Piastri ha reforzado el primer lugar en el Mundial de F\u00f3rmula Uno al conquistar el Gran Premio de Espa\u00f1a,\u00a0noveno del a\u00f1o, que se disput\u00f3 en el circuito de Montmel\u00f3 (Barcelona).<\/p>\n<p>Piastri logr\u00f3 su quinta victoria del a\u00f1o al imponerse por delante de su compa\u00f1ero, el ingl\u00e9s Lando Norris y del monegasco Charles Leclerc (Ferrari), que acab\u00f3 tercero una prueba en la que el\u00a0doble campe\u00f3n mundial\u00a0espa\u00f1ol Fernando Alonso (Aston Martin) logr\u00f3 sus primeros puntos del a\u00f1o, al concluir noveno.<\/p>\n<p>Piastri, de 24 a\u00f1os, que sali\u00f3 desde la \u2018pole\u2019, logr\u00f3 su s\u00e9ptima victoria en la F1, la quinta del a\u00f1o, al ganar por delante de su compa\u00f1ero, el ingl\u00e9s Lando Norris, y del monegasco Charles Leclerc (Ferrari), que acab\u00f3 tercero una prueba en la que el doble campe\u00f3n mundial asturiano Alonso logr\u00f3 sus primeros puntos del a\u00f1o, al concluir noveno.<\/p>\n<p>El brit\u00e1nico George Russell (Mercedes) fue cuarto, por delante del alem\u00e1n Nico H\u00fclkenberg, que logr\u00f3 el mejor resultado de la temporada para Kick Sauber.<\/p>\n<p>El s\u00e9ptuple campe\u00f3n mundial ingl\u00e9s Lewis Hamilton (Ferrari) acab\u00f3 sexto, un puesto por delante de los franceses Isack Hadjar (RB) y Pierre Gasly (Alpine).<\/p>\n<p>Alonso, flamante \u2018embajador\u2019 del Circuit de Barcelona-Catalunya, s\u00ed tuvo recompensa esta vez a su gran pilotaje y acab\u00f3 noveno, justo por delante del cu\u00e1druple campe\u00f3n del mundo neerland\u00e9s Max Verstappen (Red Bull), que tuvo un final de carrera para el olvido, en el que acab\u00f3 recibiendo una sanci\u00f3n de diez segundos que le hizo perder cinco puestos de golpe, por lo que acab\u00f3 d\u00e9cimo.<\/p>\n<p>Piastri lidera ahora el Mundial con 186 puntos, diez m\u00e1s que Norris y con 49 sobre Verstappen.<\/p>\n<p>La pr\u00f3xima prueba, el Gran Premio de Canad\u00e1, se disputar\u00e1 el pr\u00f3ximo 15 de junio en el circuito Gilles Villeneuve de Montreal.<\/p>\n","protected":false},"excerpt":{"rendered":"<p>Barcelona.- El piloto de McLaren, Oscar Piastri ha reforzado el primer lugar en el Mundial de F\u00f3rmula Uno al conquistar el Gran Premio de Espa\u00f1a,\u00a0noveno del a\u00f1o, que se disput\u00f3 en el circuito de Montmel\u00f3 (Barcelona). Piastri logr\u00f3 su quinta victoria del a\u00f1o al imponerse por delante de su compa\u00f1ero, el ingl\u00e9s Lando Norris y [&hellip;]<\/p>\n","protected":false},"author":2,"featured_media":29232,"comment_status":"open","ping_status":"closed","sticky":false,"template":"","format":"standard","meta":{"_jetpack_memberships_contains_paid_content":false,"footnotes":""},"categories":[9,20],"tags":[1722,639,3216],"class_list":["post-29231","post","type-post","status-publish","format-standard","has-post-thumbnail","hentry","category-deportes","category-formula-uno","tag-gran-premio-de-espana","tag-mclaren","tag-oscar-piastri"],"jetpack_featured_media_url":"https:\/\/radiocresatelital.com\/wp-content\/uploads\/2025\/06\/piastrigpespana.jpg","jetpack_sharing_enabled":true,"_links":{"self":[{"href":"https:\/\/radiocresatelital.com\/index.php?rest_route=\/wp\/v2\/posts\/29231","targetHints":{"allow":["GET"]}}],"collection":[{"href":"https:\/\/radiocresatelital.com\/index.php?rest_route=\/wp\/v2\/posts"}],"about":[{"href":"https:\/\/radiocresatelital.com\/index.php?rest_route=\/wp\/v2\/types\/post"}],"author":[{"embeddable":true,"href":"https:\/\/radiocresatelital.com\/index.php?rest_route=\/wp\/v2\/users\/2"}],"replies":[{"embeddable":true,"href":"https:\/\/radiocresatelital.com\/index.php?rest_route=%2Fwp%2Fv2%2Fcomments&post=29231"}],"version-history":[{"count":1,"href":"https:\/\/radiocresatelital.com\/index.php?rest_route=\/wp\/v2\/posts\/29231\/revisions"}],"predecessor-version":[{"id":29233,"href":"https:\/\/radiocresatelital.com\/index.php?rest_route=\/wp\/v2\/posts\/29231\/revisions\/29233"}],"wp:featuredmedia":[{"embeddable":true,"href":"https:\/\/radiocresatelital.com\/index.php?rest_route=\/wp\/v2\/media\/29232"}],"wp:attachment":[{"href":"https:\/\/radiocresatelital.com\/index.php?rest_route=%2Fwp%2Fv2%2Fmedia&parent=29231"}],"wp:term":[{"taxonomy":"category","embeddable":true,"href":"https:\/\/radiocresatelital.com\/index.php?rest_route=%2Fwp%2Fv2%2Fcategories&post=29231"},{"taxonomy":"post_tag","embeddable":true,"href":"https:\/\/radiocresatelital.com\/index.php?rest_route=%2Fwp%2Fv2%2Ftags&post=29231"}],"curies":[{"name":"wp","href":"https:\/\/api.w.org\/{rel}","templated":true}]}}