{"id":29114,"date":"2025-05-30T21:27:21","date_gmt":"2025-05-30T21:27:21","guid":{"rendered":"https:\/\/radiocresatelital.com\/?p=29114"},"modified":"2025-05-30T21:27:21","modified_gmt":"2025-05-30T21:27:21","slug":"isaac-del-toro-sigue-de-lider-a-falta-de-dos-etapas-del-giro-de-italia","status":"publish","type":"post","link":"https:\/\/radiocresatelital.com\/?p=29114","title":{"rendered":"Isaac del Toro sigue de l\u00edder a falta de dos etapas del Giro de Italia"},"content":{"rendered":"<p>Roma.- El ciclista Isaac Del Toro ha logrado retener la casaca rosa como l\u00edder de la decimonovena y antepen\u00faltima etapa del Giro de Italia 2025, en la que finaliz\u00f3 segundo, a espaldas del franc\u00e9s Nicolas Prodhomme, el vencedor del d\u00eda.<\/p>\n<p>El ciclista de Decathlon Ag2r La Mondiale se impuso en los 166 kil\u00f3metros de recorrido entre Biella y Champoluc con un tiempo de cuatro horas, 50 minutos y 35 segundos, 58 segundos por delante de Del Toro (UAE Emirates Team) y del ecuatoriano Richard Carapaz (EF Education-EasyPost), que complet\u00f3 el podio.<\/p>\n<p>\u00abEmpec\u00e9 a creer que pod\u00eda ganar s\u00f3lo en el \u00faltimo kil\u00f3metro porque estaba seguro que Carapaz u otro de los favoritos iban a intentar hacerlo tambi\u00e9n. Adem\u00e1s, Del Toro es realmente fuerte y sabe tomar riesgos.\u00bb, confes\u00f3 Prodhomme, al reiterar que \u00abs\u00f3lo en el final, cuando volte\u00e9 y vi que detr\u00e1s m\u00edo ven\u00eda el auto, supe que pod\u00eda lograrlo\u00bb.<\/p>\n<p>\u00abMe hice profesional demasiado tarde, a los 28 a\u00f1os, y con el correr del tiempo mejor\u00e9 mucho, al punto de llegar a ganar una etapa del Giro, algo grandioso. Las \u00faltimas semanas cambiaron mucho mi carrera y empec\u00e9 a sumar confianza\u00bb, complet\u00f3 el franc\u00e9s.<\/p>\n<p>Del Toro finaliz\u00f3 apenas por detr\u00e1s y resisti\u00f3 los embates del ganador del Giro en 2019, a quien precede en la clasificaci\u00f3n general por 43 segundos de ventaja, mientras que el brit\u00e1nico Adam Yates completa el terceto, a un minuto y 21 segundos del l\u00edder, que se calz\u00f3 la casaca rosa en la novena etapa y nunca m\u00e1s la cedi\u00f3.<\/p>\n<p>\u00abHoy hubo dos equipos (Red Bull-Bora Hansgrohe y Visma-Lease a Bike) que intentaron acercarse a los que pele\u00e1bamos por la victoria tratando de arrebat\u00e1rnosla. Quer\u00edan hacerme sufrir, pero a lo mejor fui yo quien los asust\u00e9 haci\u00e9ndoles ver que estaba para pelear\u00bb, resumi\u00f3 Del Toro al final de la jornada y anticipando la pr\u00f3xima.<\/p>\n<p>\u00abMa\u00f1ana, claramente ser\u00eda un sue\u00f1o poder ganar la etapa con la casaca rosa una vez m\u00e1s, pero no quiero adelantar nada porque soy muy supersticioso. Pase lo que pase, ser\u00e1 m\u00e1gico completar esa fracci\u00f3n como l\u00edder del Giro\u00bb, agreg\u00f3 el mexicano.<\/p>\n<p>El s\u00e1bado se completar\u00e1 la vig\u00e9sima y pen\u00faltima fracci\u00f3n sobre 205 kil\u00f3metros de recorrido entre Verr\u00e9s y Sestri\u00e9re, tras la cual la caravana deber\u00e1 completar el domingo los \u00faltimos 143 kil\u00f3metros en Roma, con un tramo que atravesar\u00e1 los jardines del Vaticano.<\/p>\n<p>El italiano Damiano Caruso (Bahrein-Victorius) cerr\u00f3 la jornada en el cuarto lugar, a un minuto y 22 segundos del vencedor y marcha quinto en la competencia, a tres minutos y 36 segundos de Del Toro y por detr\u00e1s del brit\u00e1nico Derek Gee (Israel Premier Teach), que se ubica a 2&#8217;27\u00bb de la cima y hoy cerr\u00f3 en el und\u00e9cimo puesto, a 1&#8217;22\u00bb de Prodhomme.<\/p>\n","protected":false},"excerpt":{"rendered":"<p>Roma.- El ciclista Isaac Del Toro ha logrado retener la casaca rosa como l\u00edder de la decimonovena y antepen\u00faltima etapa del Giro de Italia 2025, en la que finaliz\u00f3 segundo, a espaldas del franc\u00e9s Nicolas Prodhomme, el vencedor del d\u00eda. El ciclista de Decathlon Ag2r La Mondiale se impuso en los 166 kil\u00f3metros de recorrido [&hellip;]<\/p>\n","protected":false},"author":2,"featured_media":29115,"comment_status":"open","ping_status":"closed","sticky":false,"template":"","format":"standard","meta":{"_jetpack_memberships_contains_paid_content":false,"footnotes":""},"categories":[120,9],"tags":[4356],"class_list":["post-29114","post","type-post","status-publish","format-standard","has-post-thumbnail","hentry","category-ciclismo","category-deportes","tag-giro-de-italia-2025"],"jetpack_featured_media_url":"https:\/\/radiocresatelital.com\/wp-content\/uploads\/2025\/05\/etapa-19-del-giro-de-italia-2025-jpg-190932-1024x576-1.jpg","jetpack_sharing_enabled":true,"_links":{"self":[{"href":"https:\/\/radiocresatelital.com\/index.php?rest_route=\/wp\/v2\/posts\/29114","targetHints":{"allow":["GET"]}}],"collection":[{"href":"https:\/\/radiocresatelital.com\/index.php?rest_route=\/wp\/v2\/posts"}],"about":[{"href":"https:\/\/radiocresatelital.com\/index.php?rest_route=\/wp\/v2\/types\/post"}],"author":[{"embeddable":true,"href":"https:\/\/radiocresatelital.com\/index.php?rest_route=\/wp\/v2\/users\/2"}],"replies":[{"embeddable":true,"href":"https:\/\/radiocresatelital.com\/index.php?rest_route=%2Fwp%2Fv2%2Fcomments&post=29114"}],"version-history":[{"count":1,"href":"https:\/\/radiocresatelital.com\/index.php?rest_route=\/wp\/v2\/posts\/29114\/revisions"}],"predecessor-version":[{"id":29116,"href":"https:\/\/radiocresatelital.com\/index.php?rest_route=\/wp\/v2\/posts\/29114\/revisions\/29116"}],"wp:featuredmedia":[{"embeddable":true,"href":"https:\/\/radiocresatelital.com\/index.php?rest_route=\/wp\/v2\/media\/29115"}],"wp:attachment":[{"href":"https:\/\/radiocresatelital.com\/index.php?rest_route=%2Fwp%2Fv2%2Fmedia&parent=29114"}],"wp:term":[{"taxonomy":"category","embeddable":true,"href":"https:\/\/radiocresatelital.com\/index.php?rest_route=%2Fwp%2Fv2%2Fcategories&post=29114"},{"taxonomy":"post_tag","embeddable":true,"href":"https:\/\/radiocresatelital.com\/index.php?rest_route=%2Fwp%2Fv2%2Ftags&post=29114"}],"curies":[{"name":"wp","href":"https:\/\/api.w.org\/{rel}","templated":true}]}}