{"id":29053,"date":"2025-05-29T18:42:42","date_gmt":"2025-05-29T18:42:42","guid":{"rendered":"https:\/\/radiocresatelital.com\/?p=29053"},"modified":"2025-05-29T21:45:01","modified_gmt":"2025-05-29T21:45:01","slug":"esclerosis-multiple-su-deteccion-tardia-es-la-causante-de-que-el-60-de-pacientes-desarrollen-algun-grado-de-discapacidad","status":"publish","type":"post","link":"https:\/\/radiocresatelital.com\/?p=29053","title":{"rendered":"Esclerosis M\u00faltiple: su detecci\u00f3n tard\u00eda es la causante de que el 60% de pacientes desarrollen alg\u00fan grado de discapacidad"},"content":{"rendered":"<p>Quito.\u2013 La Esclerosis M\u00faltiple (EM) representa un desaf\u00edo significativo para los sistemas de salud en Am\u00e9rica Latina, incluido Ecuador, debido a la diversidad de los s\u00edntomas con que se presenta, y al considerable impacto que produce en la calidad de vida de los pacientes.<\/p>\n<p>La \u00faltima d\u00e9cada se ha caracterizado por la incorporaci\u00f3n de nuevas t\u00e9cnicas de diagn\u00f3stico, como los biomarcadores y la resonancia magn\u00e9tica, as\u00ed como por la evoluci\u00f3n de los criterios de diagn\u00f3stico, que han facilitado la identificaci\u00f3n m\u00e1s temprana de la enfermedad, y la posibilidad de individualizaci\u00f3n del tratamiento, mejorando el pron\u00f3stico del paciente Esto se suma a la aparici\u00f3n de nuevas opciones terap\u00e9uticas, que buscan eficacia, manteniendo la seguridad del paciente.<\/p>\n<p>En Ecuador, el diagn\u00f3stico tard\u00edo es uno de los principales desaf\u00edos, lo que se torna preocupante, al considerar que el 60% de pacientes desarrolla alg\u00fan grado de discapacidad en los primeros 10 a\u00f1os luego del diagn\u00f3stico, debido a la falta de diagn\u00f3stico oportuno, seg\u00fan la Federaci\u00f3n Internacional de Esclerosis M\u00faltiple (MSIF).<\/p>\n<p>A nivel mundial, seg\u00fan la Organizaci\u00f3n Mundial de la Salud (OMS), esta enfermedad afecta a m\u00e1s de 2,8 millones de personas en el mundo y constituye la principal causa de discapacidad no traum\u00e1tica en adultos j\u00f3venes.<\/p>\n<p>En el marco del D\u00eda Mundial de la Esclerosis M\u00faltiple, Roche Ecuador se suma a los esfuerzos de la OMS para concienciar a la poblaci\u00f3n sobre esta enfermedad. Visibilizar la situaci\u00f3n de la EM en el pa\u00eds, su impacto en los pacientes y sus principales desaf\u00edos, es clave para promover un diagn\u00f3stico oportuno, as\u00ed como impulsar mejoras y eficiencia en la atenci\u00f3n sanitaria.<\/p>\n<p>\u201cSi bien, en Ecuador, los neur\u00f3logos est\u00e1n logrando avances notables en el diagn\u00f3stico temprano y el tratamiento oportuno de esta condici\u00f3n, con miras a mejorar la calidad de vida de los pacientes, la EM a\u00fan representa un desaf\u00edo creciente para el sistema de salud, principalmente por el d\u00e9ficit de neur\u00f3logos con respecto a la poblaci\u00f3n, dif\u00edcil disponibilidad de herramientas diagn\u00f3sticas y los altos costos asociados tanto al diagn\u00f3stico como al tratamiento. Considero importante sumar esfuerzos para impulsar una cultura preventiva y movilizar los recursos necesarios para transformar la atenci\u00f3n sanitaria de la EM\u201d, explica Oana Matei, Gerente General de Roche Ecuador.<\/p>\n<p><strong>Sobre la enfermedad y su impacto en Ecuador:<\/strong><br \/>\n\u2981 La esclerosis m\u00faltiple (EM) es una enfermedad cr\u00f3nica del sistema nervioso central. De acuerdo con la OMS, afecta a funciones cognitivas, emocionales, motoras, sensoriales o visuales y se produce como resultado del ataque del sistema inmunitario de una persona contra su sistema nervioso central (enc\u00e9falo y m\u00e9dula espinal).<\/p>\n<p>\u2981 En Ecuador, si bien la prevalencia sigue siendo baja en comparaci\u00f3n con regiones como Europa o Am\u00e9rica del Norte, donde se puede superar los 100 casos por cada 100.000 habitantes, se ha observado un crecimiento sostenido, especialmente en zonas urbanas como Quito, Guayaquil y Cuenca. Un estudio sobre la Prevalencia de la Esclerosis M\u00faltiple, realizado en Cuenca, revel\u00f3 que la prevalencia aument\u00f3 de 0,75 a 3,88 casos por cada 100.000 habitantes en una d\u00e9cada.<\/p>\n<p>\u2981 Este incremento se relaciona principalmente con una mayor conciencia de la enfermedad entre los profesionales de la salud, una mejor disponibilidad de resonancias magn\u00e9ticas (RM) y la implementaci\u00f3n de criterios diagn\u00f3sticos m\u00e1s precisos, como los de McDonald. (Abad et al., 2017).<\/p>\n<p><strong>Sobre su diagn\u00f3stico: avances y desaf\u00edos<\/strong><br \/>\n\u2981 El camino hacia un diagn\u00f3stico certero contin\u00faa siendo complejo y muchas veces prolongado. En promedio, puede transcurrir m\u00e1s de un a\u00f1o desde la aparici\u00f3n de los primeros s\u00edntomas hasta que se confirma la enfermedad. Entre los principales obst\u00e1culos se encuentran la escasez de neur\u00f3logos especializados, especialmente en el campo de la neuroinmunolog\u00eda, y la limitada infraestructura diagn\u00f3stica en diversas regiones del pa\u00eds. (Abad et al., 2017).<\/p>\n<p>\u2981 A pesar de estas barreras, los avances en diagn\u00f3stico temprano est\u00e1n marcando una diferencia importante. La aplicaci\u00f3n de los criterios McDonald 2017 ha permitido diagn\u00f3sticos m\u00e1s \u00e1giles y certeros, lo que facilita el inicio oportuno del tratamiento. Iniciar la terapia en fases tempranas es esencial para ralentizar significativamente la progresi\u00f3n de la enfermedad, mejorando la calidad de vida de quienes viven con EM. (Thompson et al., 2018)<\/p>\n<p>Los profesionales de la salud en el pa\u00eds est\u00e1n trabajando activamente para transformar el abordaje de la enfermedad. La adopci\u00f3n de protocolos cl\u00ednicos estandarizados y el fortalecimiento de redes de atenci\u00f3n especializada est\u00e1n dando frutos en forma de diagn\u00f3sticos m\u00e1s oportunos y mejores resultados cl\u00ednicos sostenidos.<\/p>\n","protected":false},"excerpt":{"rendered":"<p>Quito.\u2013 La Esclerosis M\u00faltiple (EM) representa un desaf\u00edo significativo para los sistemas de salud en Am\u00e9rica Latina, incluido Ecuador, debido a la diversidad de los s\u00edntomas con que se presenta, y al considerable impacto que produce en la calidad de vida de los pacientes. La \u00faltima d\u00e9cada se ha caracterizado por la incorporaci\u00f3n de nuevas [&hellip;]<\/p>\n","protected":false},"author":2,"featured_media":29054,"comment_status":"open","ping_status":"closed","sticky":false,"template":"","format":"standard","meta":{"_jetpack_memberships_contains_paid_content":false,"footnotes":""},"categories":[1023],"tags":[4593,4594],"class_list":["post-29053","post","type-post","status-publish","format-standard","has-post-thumbnail","hentry","category-salud","tag-esclerosis-multiple","tag-federacion-internacional-de-esclerosis-multiple"],"jetpack_featured_media_url":"https:\/\/radiocresatelital.com\/wp-content\/uploads\/2025\/05\/Imagen-1-scaled.jpg","jetpack_sharing_enabled":true,"_links":{"self":[{"href":"https:\/\/radiocresatelital.com\/index.php?rest_route=\/wp\/v2\/posts\/29053","targetHints":{"allow":["GET"]}}],"collection":[{"href":"https:\/\/radiocresatelital.com\/index.php?rest_route=\/wp\/v2\/posts"}],"about":[{"href":"https:\/\/radiocresatelital.com\/index.php?rest_route=\/wp\/v2\/types\/post"}],"author":[{"embeddable":true,"href":"https:\/\/radiocresatelital.com\/index.php?rest_route=\/wp\/v2\/users\/2"}],"replies":[{"embeddable":true,"href":"https:\/\/radiocresatelital.com\/index.php?rest_route=%2Fwp%2Fv2%2Fcomments&post=29053"}],"version-history":[{"count":1,"href":"https:\/\/radiocresatelital.com\/index.php?rest_route=\/wp\/v2\/posts\/29053\/revisions"}],"predecessor-version":[{"id":29055,"href":"https:\/\/radiocresatelital.com\/index.php?rest_route=\/wp\/v2\/posts\/29053\/revisions\/29055"}],"wp:featuredmedia":[{"embeddable":true,"href":"https:\/\/radiocresatelital.com\/index.php?rest_route=\/wp\/v2\/media\/29054"}],"wp:attachment":[{"href":"https:\/\/radiocresatelital.com\/index.php?rest_route=%2Fwp%2Fv2%2Fmedia&parent=29053"}],"wp:term":[{"taxonomy":"category","embeddable":true,"href":"https:\/\/radiocresatelital.com\/index.php?rest_route=%2Fwp%2Fv2%2Fcategories&post=29053"},{"taxonomy":"post_tag","embeddable":true,"href":"https:\/\/radiocresatelital.com\/index.php?rest_route=%2Fwp%2Fv2%2Ftags&post=29053"}],"curies":[{"name":"wp","href":"https:\/\/api.w.org\/{rel}","templated":true}]}}