{"id":29035,"date":"2025-05-29T20:55:03","date_gmt":"2025-05-29T20:55:03","guid":{"rendered":"https:\/\/radiocresatelital.com\/?p=29035"},"modified":"2025-05-29T20:55:03","modified_gmt":"2025-05-29T20:55:03","slug":"primer-lugar-para-ecuador-en-la-copa-mundo-cmas-de-natacion-con-aletas","status":"publish","type":"post","link":"https:\/\/radiocresatelital.com\/?p=29035","title":{"rendered":"Primer lugar para Ecuador en la Copa Mundo CMAS de Nataci\u00f3n con Aletas"},"content":{"rendered":"<p>Guayaquil.- Ecuador se consagr\u00f3 en el primer lugar del medallero general por pa\u00edses durante la Copa Mundo CMAS de Nataci\u00f3n con Aletas Indoor, realizada del 23 al 25 de mayo en Coral Springs, Florida, Estados Unidos.<\/p>\n<p>En la categor\u00eda A, William Birkett, parte del programa del alto rendimiento del Ecuador, fue uno de los deportistas m\u00e1s destacados, al conseguir dos medallas de oro en 50 metros apnea y 100 metros bialetas, adem\u00e1s de una medalla de plata en 50 metros bialetas.<\/p>\n<p>Daniela G\u00f3mez sum\u00f3 una medalla de plata en los 400 metros bialetas, complementando el buen desempe\u00f1o del equipo \u00e9lite.<\/p>\n<p>Por su parte, en la categor\u00eda Junior, Ecuador mostr\u00f3 un dominio con numerosos medallistas. Justin Cuesta gan\u00f3 dos oros en 50 y 100 metros bialetas y dos platas en 50 y 100 metros superficie, estableciendo r\u00e9cord nacional junior en los 50 metros superficie.<\/p>\n<p>Josua L\u00f3pez obtuvo dos oros en 400 y 200 metros bialetas y dos platas en 50 y 100 metros bialetas. Danna Maggi contribuy\u00f3 con dos oros en 50 y 100 metros bialetas y dos bronces en 200 y 400 metros bialetas.<\/p>\n<p>Micaela Toral sum\u00f3 un oro en 200 metros bialetas, una plata en 400 metros y dos bronces en 50 y 100 metros bialetas. Isabela Macancela consigui\u00f3 dos medallas de plata en 50 y 100 metros superficie, ambas con r\u00e9cord nacional junior.<\/p>\n<p><strong>Medallero:\u00a0<\/strong><\/p>\n<p><strong>Categor\u00eda A:<\/strong><\/p>\n<p><strong>William Birkett:<\/strong><br \/>\nOro en 50 metros apnea<br \/>\nOro en 100 metros bialetas<br \/>\nPlata en 50 metros bialetas<\/p>\n<p><strong>Daniela G\u00f3mez:<\/strong><br \/>\nPlata en 400 metros bialetas<\/p>\n<p><strong>Categor\u00eda Junior:<\/strong><\/p>\n<p><strong>Justin Cuesta:<\/strong><br \/>\nOro en 50 metros bialetas<br \/>\nOro en 100 metros bialetas<br \/>\nPlata en 50 metros superficie (r\u00e9cord nacional junior)<br \/>\nPlata en 100 metros superficie<\/p>\n<p><strong>Josua L\u00f3pez:<br \/>\n<\/strong>Oro en 400 metros bialetas<br \/>\nOro en 200 metros bialetas<br \/>\nPlata en 50 metros bialetas<br \/>\nPlata en 100 metros bialetas<\/p>\n<p><strong>Danna Maggi:<br \/>\n<\/strong>Oro en 50 metros bialetas<br \/>\nOro en 100 metros bialetas<br \/>\nBronce en 200 metros bialetas<br \/>\nBronce en 400 metros bialetas<\/p>\n<p><strong>Micaela Toral:<br \/>\n<\/strong>Oro en 200 metros bialetas<br \/>\nPlata en 400 metros bialetas<br \/>\nBronce en 50 metros bialetas<br \/>\nBronce en 100 metros bialetas<\/p>\n<p><strong>Isabela Macancela:<br \/>\n<\/strong>Plata en 50 metros superficie (r\u00e9cord nacional junior)<br \/>\nPlata en 100 metros superficie<\/p>\n","protected":false},"excerpt":{"rendered":"<p>Guayaquil.- Ecuador se consagr\u00f3 en el primer lugar del medallero general por pa\u00edses durante la Copa Mundo CMAS de Nataci\u00f3n con Aletas Indoor, realizada del 23 al 25 de mayo en Coral Springs, Florida, Estados Unidos. En la categor\u00eda A, William Birkett, parte del programa del alto rendimiento del Ecuador, fue uno de los deportistas [&hellip;]<\/p>\n","protected":false},"author":2,"featured_media":29036,"comment_status":"open","ping_status":"closed","sticky":false,"template":"","format":"standard","meta":{"_jetpack_memberships_contains_paid_content":false,"footnotes":""},"categories":[9],"tags":[4590],"class_list":["post-29035","post","type-post","status-publish","format-standard","has-post-thumbnail","hentry","category-deportes","tag-copa-mundo-cmas-de-natacion-con-aletas-indoor"],"jetpack_featured_media_url":"https:\/\/radiocresatelital.com\/wp-content\/uploads\/2025\/05\/2.jpg","jetpack_sharing_enabled":true,"_links":{"self":[{"href":"https:\/\/radiocresatelital.com\/index.php?rest_route=\/wp\/v2\/posts\/29035","targetHints":{"allow":["GET"]}}],"collection":[{"href":"https:\/\/radiocresatelital.com\/index.php?rest_route=\/wp\/v2\/posts"}],"about":[{"href":"https:\/\/radiocresatelital.com\/index.php?rest_route=\/wp\/v2\/types\/post"}],"author":[{"embeddable":true,"href":"https:\/\/radiocresatelital.com\/index.php?rest_route=\/wp\/v2\/users\/2"}],"replies":[{"embeddable":true,"href":"https:\/\/radiocresatelital.com\/index.php?rest_route=%2Fwp%2Fv2%2Fcomments&post=29035"}],"version-history":[{"count":1,"href":"https:\/\/radiocresatelital.com\/index.php?rest_route=\/wp\/v2\/posts\/29035\/revisions"}],"predecessor-version":[{"id":29037,"href":"https:\/\/radiocresatelital.com\/index.php?rest_route=\/wp\/v2\/posts\/29035\/revisions\/29037"}],"wp:featuredmedia":[{"embeddable":true,"href":"https:\/\/radiocresatelital.com\/index.php?rest_route=\/wp\/v2\/media\/29036"}],"wp:attachment":[{"href":"https:\/\/radiocresatelital.com\/index.php?rest_route=%2Fwp%2Fv2%2Fmedia&parent=29035"}],"wp:term":[{"taxonomy":"category","embeddable":true,"href":"https:\/\/radiocresatelital.com\/index.php?rest_route=%2Fwp%2Fv2%2Fcategories&post=29035"},{"taxonomy":"post_tag","embeddable":true,"href":"https:\/\/radiocresatelital.com\/index.php?rest_route=%2Fwp%2Fv2%2Ftags&post=29035"}],"curies":[{"name":"wp","href":"https:\/\/api.w.org\/{rel}","templated":true}]}}