{"id":28968,"date":"2025-05-28T19:51:26","date_gmt":"2025-05-28T19:51:26","guid":{"rendered":"https:\/\/radiocresatelital.com\/?p=28968"},"modified":"2025-05-28T19:51:26","modified_gmt":"2025-05-28T19:51:26","slug":"yo-estuve-en-el-podio-pero-atras-hay-un-equipo-que-me-apoya-maria-veronica-cordova","status":"publish","type":"post","link":"https:\/\/radiocresatelital.com\/?p=28968","title":{"rendered":"Yo estuve en el podio, pero atr\u00e1s hay un equipo que me apoya, Mar\u00eda Ver\u00f3nica C\u00f3rdova"},"content":{"rendered":"<p>Guayaquil.- Luego de tres a\u00f1os de su \u00faltimo mundial y tras una para en la que dedic\u00f3 tiempo para ser madre, Mar\u00eda Ver\u00f3nica C\u00f3rdova retorn\u00f3 a las altas competencias, para traer al pa\u00eds una medalla que tiene un significado muy especial.<\/p>\n<p>En el Campeonato Mundial que se desarroll\u00f3 en Atenas, Grecia, C\u00f3rdova finaliz\u00f3 en el tercer lugar para quedarse con la presea de bronce en la modalidad est\u00e1tica con r\u00e9cord panamericano de 7:19 minutos.<\/p>\n<p>\u201cEstoy s\u00faper contenta, s\u00faper emocionada, feliz del resultado despu\u00e9s de muchos meses. Bueno, a\u00f1os de preparaci\u00f3n, es un sacrificio de mucho entrenamiento, much\u00edsima dedicaci\u00f3n\u2026 Llevar a mi pa\u00eds y la bandera del Ecuador en lo m\u00e1s alto de un podio mundial\u201d, dijo emocionada la deportista al arribar al pa\u00eds el pasado lunes.<\/p>\n<p>Mar\u00eda Ver\u00f3nica cont\u00f3 que la exigencia fue muy fuerte, ya que compiti\u00f3 en cuatro todos los d\u00edas era s\u00faper exigente. \u201cEl tema mental tambi\u00e9n fue s\u00faper fuerte. Obviamente hay que mantenerse enfocado durante todos los d\u00edas y la medalla la gan\u00e9 el tercer d\u00eda de competencia, ya estaba un poco cansada, pero igual le dimos con todo con un plan listo, preparado y muy enfocado\u201d.<\/p>\n<p>La serie de Mar\u00eda Ver\u00f3nica fue la pen\u00faltima, por lo que una vez finalizada su prueba debi\u00f3 esperar a que se realice la \u00faltima competencia para ver si su tiempo de 7:19 era suficiente para subirse al podio.<\/p>\n<p>\u201cEsta prueba es s\u00faper fuerte en mi categor\u00eda, que es la senior. M\u00e1s de 44 pa\u00edses registrados, m\u00e1s de 100 atletas que han priorizado por un proceso de clasificaci\u00f3n para llegar a este momento y la est\u00e1tica estuvo dur\u00edsima. Luego de m\u00ed vend\u00edan seis personas m\u00e1s, entonces, por eso no sab\u00edamos si realmente iba a alcanzar el podio, pero hice una marca s\u00faper buena de 7 minutos 19 segundos y justo en esta en este a\u00f1o el primer puesto hizo r\u00e9cord mundial\u201d.<\/p>\n<p>Adem\u00e1s de las largas jornadas de preparaci\u00f3n para estar a la altura de esta participaci\u00f3n, C\u00f3rdova destaca el apoyo que tiene detr\u00e1s, como son su familia, entrenador y la Federaci\u00f3n Ecuatoriana de Buceo y Actividades Subacu\u00e1ticas.<\/p>\n<p>\u201cHan pasado tres a\u00f1os de la \u00faltima vez que estuve en un Mundial; entonces son dos hijas y tres a\u00f1os despu\u00e9s, comprender\u00e1s lo que hay atr\u00e1s de esta medalla, no lo puedo expresar con palabras\u2026 Hay toda una log\u00edstica atr\u00e1s para poderme ir, desde quienes me cuidan a las bebes y todo, entonces el logro es de todos realmente, yo estoy en el podio, pero atr\u00e1s hay un equipo muy grande\u201d.<\/p>\n<p>Luego de esta competencia, la apne\u00edsta se prepara para el Panamericano que tendr\u00e1 lugar en Ibagu\u00e9, Colombia, en agosto pr\u00f3ximo. Asegura que se va a preparar muy fuerte para consolidar sus marcas y traer la mayor cantidad de medallas al pa\u00eds.<\/p>\n","protected":false},"excerpt":{"rendered":"<p>Guayaquil.- Luego de tres a\u00f1os de su \u00faltimo mundial y tras una para en la que dedic\u00f3 tiempo para ser madre, Mar\u00eda Ver\u00f3nica C\u00f3rdova retorn\u00f3 a las altas competencias, para traer al pa\u00eds una medalla que tiene un significado muy especial. En el Campeonato Mundial que se desarroll\u00f3 en Atenas, Grecia, C\u00f3rdova finaliz\u00f3 en el [&hellip;]<\/p>\n","protected":false},"author":2,"featured_media":28969,"comment_status":"open","ping_status":"closed","sticky":false,"template":"","format":"standard","meta":{"_jetpack_memberships_contains_paid_content":false,"footnotes":""},"categories":[9],"tags":[4578],"class_list":["post-28968","post","type-post","status-publish","format-standard","has-post-thumbnail","hentry","category-deportes","tag-maria-veronica-cordova"],"jetpack_featured_media_url":"https:\/\/radiocresatelital.com\/wp-content\/uploads\/2025\/05\/54547393620_5bd0b2e93f_k.jpg","jetpack_sharing_enabled":true,"_links":{"self":[{"href":"https:\/\/radiocresatelital.com\/index.php?rest_route=\/wp\/v2\/posts\/28968","targetHints":{"allow":["GET"]}}],"collection":[{"href":"https:\/\/radiocresatelital.com\/index.php?rest_route=\/wp\/v2\/posts"}],"about":[{"href":"https:\/\/radiocresatelital.com\/index.php?rest_route=\/wp\/v2\/types\/post"}],"author":[{"embeddable":true,"href":"https:\/\/radiocresatelital.com\/index.php?rest_route=\/wp\/v2\/users\/2"}],"replies":[{"embeddable":true,"href":"https:\/\/radiocresatelital.com\/index.php?rest_route=%2Fwp%2Fv2%2Fcomments&post=28968"}],"version-history":[{"count":1,"href":"https:\/\/radiocresatelital.com\/index.php?rest_route=\/wp\/v2\/posts\/28968\/revisions"}],"predecessor-version":[{"id":28970,"href":"https:\/\/radiocresatelital.com\/index.php?rest_route=\/wp\/v2\/posts\/28968\/revisions\/28970"}],"wp:featuredmedia":[{"embeddable":true,"href":"https:\/\/radiocresatelital.com\/index.php?rest_route=\/wp\/v2\/media\/28969"}],"wp:attachment":[{"href":"https:\/\/radiocresatelital.com\/index.php?rest_route=%2Fwp%2Fv2%2Fmedia&parent=28968"}],"wp:term":[{"taxonomy":"category","embeddable":true,"href":"https:\/\/radiocresatelital.com\/index.php?rest_route=%2Fwp%2Fv2%2Fcategories&post=28968"},{"taxonomy":"post_tag","embeddable":true,"href":"https:\/\/radiocresatelital.com\/index.php?rest_route=%2Fwp%2Fv2%2Ftags&post=28968"}],"curies":[{"name":"wp","href":"https:\/\/api.w.org\/{rel}","templated":true}]}}