{"id":28942,"date":"2025-05-28T17:54:50","date_gmt":"2025-05-28T17:54:50","guid":{"rendered":"https:\/\/radiocresatelital.com\/?p=28942"},"modified":"2025-05-28T17:54:50","modified_gmt":"2025-05-28T17:54:50","slug":"movistar-best-pc-participara-por-segunda-vez-en-la-vuelta-a-colombia-femenina","status":"publish","type":"post","link":"https:\/\/radiocresatelital.com\/?p=28942","title":{"rendered":"Movistar Best PC participar\u00e1 por segunda vez en la Vuelta a Colombia Femenina"},"content":{"rendered":"<p>Quito.- Lideradas por Marcela Pe\u00f1afiel, el Movistar Best PC participar\u00e1 por segunda vez en la Vuelta a Colombia Femenina, que se cumplir\u00e1 del 10 al 15 de junio pr\u00f3ximo, durante seis etapas por las monta\u00f1as y valles del centro y occidente del pa\u00eds cafetero.<\/p>\n<p>La d\u00e9cima edici\u00f3n de la carrera femenina m\u00e1s importante del vecino pa\u00eds reunir\u00e1 a corredoras de 11 pa\u00edses: M\u00e9xico, Estados Unidos, Bolivia, Guatemala, Costa Rica, Kazajist\u00e1n, Uzbekist\u00e1n, Ir\u00e1n, Indonesia, Colombia y Ecuador.<\/p>\n<p>El equipo ecuatoriano regresar\u00e1 a la competencia femenina m\u00e1s importante de la regi\u00f3n, tras su participaci\u00f3n en la temporada 2022, a\u00f1o en el que logr\u00f3 el d\u00e9cimo lugar de la general con la corredora Sub-23 Ana Vivar, quien fue d\u00e9cima en la genera y tercera tanto entre las sub 23 y las extranjeras.<\/p>\n<p>La escuadra nacional estar\u00e1 conformada por Marcela Pe\u00f1afiel, Ana Mar\u00eda Torres, Ana Sol Salgado, Camila Vega, Milagros Fuentes y la colombiana Natalia Carmona. Las cuatro primeras vienen de participar en el Tour El Salvador.<\/p>\n<p>Adem\u00e1s, de Movistar Best PC en l\u00ednea de partida de la d\u00e9cima edici\u00f3n de la Vuelta a Colombia estar\u00e1n: los mexicanos Patobike BMC y Azteca Cycling Team, el Orion Racing (Estados Unidos), el Sahand Pump Crown Tabriz (Ir\u00e1n), Pio Rico Cycling Team (Bolivia) y el Macizo \u2013 Banrural (Guatemala).<\/p>\n<p>En total ser\u00e1n seis etapas de pura emoci\u00f3n que transitar\u00e1n los departamentos de Cundinamarca, Tolima, Quind\u00edo, Valle del Cauca, Caldas y Risaralda, para completar 636.1 kil\u00f3metros de recorrido. La carrera comenzar\u00e1 el martes 10 de junio, con una fracci\u00f3n de 143.8 km<\/p>\n","protected":false},"excerpt":{"rendered":"<p>Quito.- Lideradas por Marcela Pe\u00f1afiel, el Movistar Best PC participar\u00e1 por segunda vez en la Vuelta a Colombia Femenina, que se cumplir\u00e1 del 10 al 15 de junio pr\u00f3ximo, durante seis etapas por las monta\u00f1as y valles del centro y occidente del pa\u00eds cafetero. La d\u00e9cima edici\u00f3n de la carrera femenina m\u00e1s importante del vecino [&hellip;]<\/p>\n","protected":false},"author":2,"featured_media":28943,"comment_status":"open","ping_status":"closed","sticky":false,"template":"","format":"standard","meta":{"_jetpack_memberships_contains_paid_content":false,"footnotes":""},"categories":[120,9],"tags":[1029],"class_list":["post-28942","post","type-post","status-publish","format-standard","has-post-thumbnail","hentry","category-ciclismo","category-deportes","tag-movistar-best-pc"],"jetpack_featured_media_url":"https:\/\/radiocresatelital.com\/wp-content\/uploads\/2025\/05\/WhatsApp-Image-2025-05-28-at-11.55.29.jpeg","jetpack_sharing_enabled":true,"_links":{"self":[{"href":"https:\/\/radiocresatelital.com\/index.php?rest_route=\/wp\/v2\/posts\/28942","targetHints":{"allow":["GET"]}}],"collection":[{"href":"https:\/\/radiocresatelital.com\/index.php?rest_route=\/wp\/v2\/posts"}],"about":[{"href":"https:\/\/radiocresatelital.com\/index.php?rest_route=\/wp\/v2\/types\/post"}],"author":[{"embeddable":true,"href":"https:\/\/radiocresatelital.com\/index.php?rest_route=\/wp\/v2\/users\/2"}],"replies":[{"embeddable":true,"href":"https:\/\/radiocresatelital.com\/index.php?rest_route=%2Fwp%2Fv2%2Fcomments&post=28942"}],"version-history":[{"count":1,"href":"https:\/\/radiocresatelital.com\/index.php?rest_route=\/wp\/v2\/posts\/28942\/revisions"}],"predecessor-version":[{"id":28944,"href":"https:\/\/radiocresatelital.com\/index.php?rest_route=\/wp\/v2\/posts\/28942\/revisions\/28944"}],"wp:featuredmedia":[{"embeddable":true,"href":"https:\/\/radiocresatelital.com\/index.php?rest_route=\/wp\/v2\/media\/28943"}],"wp:attachment":[{"href":"https:\/\/radiocresatelital.com\/index.php?rest_route=%2Fwp%2Fv2%2Fmedia&parent=28942"}],"wp:term":[{"taxonomy":"category","embeddable":true,"href":"https:\/\/radiocresatelital.com\/index.php?rest_route=%2Fwp%2Fv2%2Fcategories&post=28942"},{"taxonomy":"post_tag","embeddable":true,"href":"https:\/\/radiocresatelital.com\/index.php?rest_route=%2Fwp%2Fv2%2Ftags&post=28942"}],"curies":[{"name":"wp","href":"https:\/\/api.w.org\/{rel}","templated":true}]}}