{"id":28936,"date":"2025-05-28T17:44:01","date_gmt":"2025-05-28T17:44:01","guid":{"rendered":"https:\/\/radiocresatelital.com\/?p=28936"},"modified":"2025-05-28T17:44:01","modified_gmt":"2025-05-28T17:44:01","slug":"priomer-ministro-de-israel-comunica-que-han-matado-a-un-nuevo-lider-del-grupo-armado-hamas","status":"publish","type":"post","link":"https:\/\/radiocresatelital.com\/?p=28936","title":{"rendered":"Priomer Ministro de Israel comunica que han matado a un nuevo l\u00edder del Grupo armado Ham\u00e1s"},"content":{"rendered":"<p>Jerusal\u00e9n.- Benjam\u00edn Netanyahu actual Primer Ministro Israel\u00ed, ha manifestado en la Kn\u00e9set (Parlamento israel\u00ed) que Israel ha logrado matar a un nuevo l\u00edder de Ham\u00e1s en la Franja de Gaza, Mohamed Sinwar, luego de realizar un ataque a\u00e9reo sobre el Hospital Europeo del sur del enclave, seg\u00fan informan los medios israel\u00edes.<\/p>\n<p>\u00abEn los 600 d\u00edas del resurgimiento, transformamos la faz de Oriente Medio\u00bb, dijo Netanyahu, al recordar que han pasado 600 d\u00edas desde el ataque de Ham\u00e1s contra Israel que desencaden\u00f3 la actual guerra. \u00abRepelimos a los terroristas de nuestro territorio, entramos en la Franja de Gaza, eliminamos a (Mohamed) Deif, (Ismail) Haniyeh, Yahya (Sinwar) y Mohamed Sinwar,\u00bb a\u00f1adi\u00f3.<\/p>\n<p>El Ejercito israel\u00ed a\u00fan no ha confirmado la afirmaci\u00f3n del primer ministro.<\/p>\n<p>Israel lanz\u00f3 un ataque el martes 13 de mayo contra el Hospital Europeo de Jan Yunis, en el sur de Gaza, cuyo objetivo se especul\u00f3 durante semanas que era Sinwar, y que se cobr\u00f3 la vida de al menos 16 personas, seg\u00fan las autoridades sanitarias.<\/p>\n<p>El Ej\u00e9rcito israel\u00ed, por su parte, confirm\u00f3 en un comunicado el ataque contra el Hospital Europeo, pero asegur\u00f3 que su objetivo eran \u00aboperativos de Ham\u00e1s\u00bb que se encontraban \u00aben un centro de mando subterr\u00e1neo\u00bb del centro hospitalario.<\/p>\n<p>\u00abLa organizaci\u00f3n terrorista Ham\u00e1s contin\u00faa utilizando hospitales de la Franja de Gaza para actividades terroristas, lo que demuestra su uso c\u00ednico y brutal de la poblaci\u00f3n civil en el hospital y sus alrededores\u00bb, justific\u00f3 entonces el ataque el comunicado castrense sin dar m\u00e1s detalles.<\/p>\n<p>Mohammed Sinwar es el hermano menor de\u00a0Yahya Sinwar, el que fuera m\u00e1ximo l\u00edder de Ham\u00e1s y\u00a0cerebro de los ataques del 7 de octubre de 2023 que Israel mat\u00f3 el a\u00f1o pasado en Rafah. Desde que muri\u00f3 en octubre de 2024, se ha especulado que Mohammed se hab\u00eda convertido en su sucesor, si bien el grupo islamista nunca lo confirm\u00f3.<\/p>\n","protected":false},"excerpt":{"rendered":"<p>Jerusal\u00e9n.- Benjam\u00edn Netanyahu actual Primer Ministro Israel\u00ed, ha manifestado en la Kn\u00e9set (Parlamento israel\u00ed) que Israel ha logrado matar a un nuevo l\u00edder de Ham\u00e1s en la Franja de Gaza, Mohamed Sinwar, luego de realizar un ataque a\u00e9reo sobre el Hospital Europeo del sur del enclave, seg\u00fan informan los medios israel\u00edes. \u00abEn los 600 d\u00edas [&hellip;]<\/p>\n","protected":false},"author":2,"featured_media":28937,"comment_status":"open","ping_status":"closed","sticky":false,"template":"","format":"standard","meta":{"_jetpack_memberships_contains_paid_content":false,"footnotes":""},"categories":[11],"tags":[2170],"class_list":["post-28936","post","type-post","status-publish","format-standard","has-post-thumbnail","hentry","category-noticias-internacionales","tag-benjamin-netanyahu"],"jetpack_featured_media_url":"https:\/\/radiocresatelital.com\/wp-content\/uploads\/2025\/05\/w980-p16x9-2024-07-13T195839Z_18958989_RC2JU8ATYMGZ_RTRMADP_3_ISRAEL-PALESTINIANS-NETANYAHU.jpg","jetpack_sharing_enabled":true,"_links":{"self":[{"href":"https:\/\/radiocresatelital.com\/index.php?rest_route=\/wp\/v2\/posts\/28936","targetHints":{"allow":["GET"]}}],"collection":[{"href":"https:\/\/radiocresatelital.com\/index.php?rest_route=\/wp\/v2\/posts"}],"about":[{"href":"https:\/\/radiocresatelital.com\/index.php?rest_route=\/wp\/v2\/types\/post"}],"author":[{"embeddable":true,"href":"https:\/\/radiocresatelital.com\/index.php?rest_route=\/wp\/v2\/users\/2"}],"replies":[{"embeddable":true,"href":"https:\/\/radiocresatelital.com\/index.php?rest_route=%2Fwp%2Fv2%2Fcomments&post=28936"}],"version-history":[{"count":1,"href":"https:\/\/radiocresatelital.com\/index.php?rest_route=\/wp\/v2\/posts\/28936\/revisions"}],"predecessor-version":[{"id":28938,"href":"https:\/\/radiocresatelital.com\/index.php?rest_route=\/wp\/v2\/posts\/28936\/revisions\/28938"}],"wp:featuredmedia":[{"embeddable":true,"href":"https:\/\/radiocresatelital.com\/index.php?rest_route=\/wp\/v2\/media\/28937"}],"wp:attachment":[{"href":"https:\/\/radiocresatelital.com\/index.php?rest_route=%2Fwp%2Fv2%2Fmedia&parent=28936"}],"wp:term":[{"taxonomy":"category","embeddable":true,"href":"https:\/\/radiocresatelital.com\/index.php?rest_route=%2Fwp%2Fv2%2Fcategories&post=28936"},{"taxonomy":"post_tag","embeddable":true,"href":"https:\/\/radiocresatelital.com\/index.php?rest_route=%2Fwp%2Fv2%2Ftags&post=28936"}],"curies":[{"name":"wp","href":"https:\/\/api.w.org\/{rel}","templated":true}]}}