{"id":2890,"date":"2023-08-19T20:14:18","date_gmt":"2023-08-19T20:14:18","guid":{"rendered":"https:\/\/radiocresatelital.com\/?p=2890"},"modified":"2023-08-19T20:14:43","modified_gmt":"2023-08-19T20:14:43","slug":"2890","status":"publish","type":"post","link":"https:\/\/radiocresatelital.com\/?p=2890","title":{"rendered":"Suecia alcanza Tercer puesto en Mundial Femenino"},"content":{"rendered":"<p>Brisbane.- La selecci\u00f3n femenina de Suecia ha conquista do la tercera posici\u00f3n repitiendo lo sucedido en el Mundial anterior y por cuarta vez en la historia, tras derrotar por 2-0 a Australia, una de las organizadoras del torneo cuyas nuevas campeonas surgir\u00e1n de la final que animar\u00e1n por primera vez en la historia Inglaterra y Espa\u00f1a este domingo.<\/p>\n<p>Las suecas ya se aseguraron el tercer escal\u00f3n del podio, repitiendo lo hecho en Francia 2019 y tambi\u00e9n en China 1991 y en Alemania 2011, siendo su mejor participaci\u00f3n aquel subcampeonato logrado en Estados Unidos 2003 que no pudo repetir esta vez por su derrota por 2-1 en semifinales frente a las espa\u00f1olas (las australianas cayeron 3-1 con Inglaterra).<\/p>\n<p>Espina que se sac\u00f3 en parte hoy al superar a las \u00abMatildas\u00bb, que pese a la derrota en Brisbane ante unos 50 mil aficionados y con goles de Fridolina Rolfo, de penal a los 30&#8242;, y de Kosovare Asllani a los 62&#8242;, se despidieron del torneo que organizaron con su mejor actuaci\u00f3n hist\u00f3rica pues s\u00f3lo hab\u00eda accedido en tres ocasiones a los cuartos de final.<\/p>\n<p>El duelo de entrenadores suecos termin\u00f3 inclin\u00e1ndose en favor de Peter Gerhardsson, al mando de la selecci\u00f3n de su pa\u00eds con el que enfrent\u00f3 a las anfitrionas dirigidas por su compatriota Tony Gustavsson, aplaudido al igual que sus entrenadas por el p\u00fablico local que reconoci\u00f3 la actuaci\u00f3n de su combinado nacional en esta edici\u00f3n.<\/p>\n<p>La gloria la dirimir\u00e1n ma\u00f1ana en Sydney Inglaterra, campeona de la Eurocopa que alberg\u00f3 el a\u00f1o pasado, y Espa\u00f1a, que supo celebrar tambi\u00e9n en 2022 a nivel mundial con sus selecciones juveniles Sub-17 y Sub-19 e intentar\u00e1 repetir ahora con la selecci\u00f3n mayor al mando de Jorge Vilda.<\/p>\n<p>La de Inglaterra es entrenada por la neerlandesa Sarina Wiegman, que la llev\u00f3 por primera vez a conquistar la corona en la Eurocopa y ahora busca consagrarla en una Copa del Mundo y es mencionada inclusive como candidata a dirigir al seleccionado masculino si Gareth Southgate decide no renovar su contrato con la federaci\u00f3n.<\/p>\n<p>Sea quien fuese la sucesora en el trono de las bicampeonas mundiales de Estados Unidos, que se despidieron de la corona al caer frente a Suecia en octavos de final en una dram\u00e1tica definici\u00f3n por penales, tanto para Espa\u00f1a, como para Inglaterra, ser\u00e1 el mejor resultado de la historia.<\/p>\n<p>Las ib\u00e9ricas hab\u00edan accedido a los octavos de final en Canad\u00e1 2015, en su actuaci\u00f3n m\u00e1s destacada en tres participaciones, y las leonesas ya mejoraron el tercer puesto logrado en esa misma edici\u00f3n mundialista (fueron cuartas hace cuatro a\u00f1os y en sus seis participaciones siempre accedieron al menos a los cuartos de final).<\/p>\n<p>Se prev\u00e9 que unos 80 mil aficionados se dar\u00e1n cita ma\u00f1ana en la final in\u00e9dita de esta Copa (se calcula que cientos de millones de personas mirar\u00e1n el partido por televisi\u00f3n), la primerade la historia con la participaci\u00f3n de 32 selecciones que ya bati\u00f3 el r\u00e9cord en materia de entradas.<\/p>\n<p>\u00abLa mejor edici\u00f3n de la historia\u00bb, afirm\u00f3 en la v\u00edspera el presidente de la FIFA, Gianni Infantino, al aplaudir el \u00e9xito de este torneo y criticar a quienes no se animaron a apostar por el mismo, especialmente en lo que hace a la cobertura de los partidos y a la venta de los derechos televisivos.<\/p>\n<p>Inglaterra y Espa\u00f1a intentar\u00e1n alzar por primera vez la corona para instalarse en el trono de las elegidas, tal como lo hicieran alguna vez sus selecciones masculinas en los Mundiales de Inglaterra 66 y Sud\u00e1frica 2010, respectivamente, aunque en esta oportunidad el f\u00fatbol no s\u00f3lo es cosa de hombres, sino tambi\u00e9n de mujeres.<\/p>\n","protected":false},"excerpt":{"rendered":"<p>Brisbane.- La selecci\u00f3n femenina de Suecia ha conquista do la tercera posici\u00f3n repitiendo lo sucedido en el Mundial anterior y por cuarta vez en la historia, tras derrotar por 2-0 a Australia, una de las organizadoras del torneo cuyas nuevas campeonas surgir\u00e1n de la final que animar\u00e1n por primera vez en la historia Inglaterra y [&hellip;]<\/p>\n","protected":false},"author":2,"featured_media":2891,"comment_status":"open","ping_status":"closed","sticky":false,"template":"","format":"standard","meta":{"footnotes":""},"categories":[7],"tags":[334,578],"class_list":["post-2890","post","type-post","status-publish","format-standard","has-post-thumbnail","hentry","category-futbol-internacional","tag-mundial-femenino","tag-suecia"],"_links":{"self":[{"href":"https:\/\/radiocresatelital.com\/index.php?rest_route=\/wp\/v2\/posts\/2890","targetHints":{"allow":["GET"]}}],"collection":[{"href":"https:\/\/radiocresatelital.com\/index.php?rest_route=\/wp\/v2\/posts"}],"about":[{"href":"https:\/\/radiocresatelital.com\/index.php?rest_route=\/wp\/v2\/types\/post"}],"author":[{"embeddable":true,"href":"https:\/\/radiocresatelital.com\/index.php?rest_route=\/wp\/v2\/users\/2"}],"replies":[{"embeddable":true,"href":"https:\/\/radiocresatelital.com\/index.php?rest_route=%2Fwp%2Fv2%2Fcomments&post=2890"}],"version-history":[{"count":2,"href":"https:\/\/radiocresatelital.com\/index.php?rest_route=\/wp\/v2\/posts\/2890\/revisions"}],"predecessor-version":[{"id":2893,"href":"https:\/\/radiocresatelital.com\/index.php?rest_route=\/wp\/v2\/posts\/2890\/revisions\/2893"}],"wp:featuredmedia":[{"embeddable":true,"href":"https:\/\/radiocresatelital.com\/index.php?rest_route=\/wp\/v2\/media\/2891"}],"wp:attachment":[{"href":"https:\/\/radiocresatelital.com\/index.php?rest_route=%2Fwp%2Fv2%2Fmedia&parent=2890"}],"wp:term":[{"taxonomy":"category","embeddable":true,"href":"https:\/\/radiocresatelital.com\/index.php?rest_route=%2Fwp%2Fv2%2Fcategories&post=2890"},{"taxonomy":"post_tag","embeddable":true,"href":"https:\/\/radiocresatelital.com\/index.php?rest_route=%2Fwp%2Fv2%2Ftags&post=2890"}],"curies":[{"name":"wp","href":"https:\/\/api.w.org\/{rel}","templated":true}]}}