{"id":28733,"date":"2025-05-25T17:08:27","date_gmt":"2025-05-25T17:08:27","guid":{"rendered":"https:\/\/radiocresatelital.com\/?p=28733"},"modified":"2025-05-25T17:08:27","modified_gmt":"2025-05-25T17:08:27","slug":"real-madrid-anuncia-oficialmente-la-llegada-de-xabi-alonso-como-nuevo-tecnico-blanco","status":"publish","type":"post","link":"https:\/\/radiocresatelital.com\/?p=28733","title":{"rendered":"Real Madrid anuncia oficialmente la llegada de Xabi Alonso como nuevo t\u00e9cnico blanco"},"content":{"rendered":"<p>Madrid.- Es oficial, Real Madrid anunci\u00f3 la llegada de Xabi Alonso como nuevo entrenador del cuadro blanco, en el regreso su casa luego de su etapa como jugador y despu\u00e9s de dar sus primeros pasos como t\u00e9cnico en la cantera blanca, antes de dirigir a la Real Sociedad B y triunfar en el Bayer Leverkusen.<\/p>\n<p>\u00abEl Real Madrid C.F. comunica que Xabi Alonso ser\u00e1 el entrenador del Real Madrid las pr\u00f3ximas tres temporadas, desde el 1 de junio de 2025 hasta el 30 de junio de 2028\u00bb, anunci\u00f3 el club blanco en un comunicado.<\/p>\n<p>Xabi Alonso regresa al\u00a0Real Madrid,\u00a0club en el que triunf\u00f3 como jugador y en el que inici\u00f3 su carrera como t\u00e9cnico en la cantera.<\/p>\n<p>Se march\u00f3 en 2019 para dirigir al filial de la Real Sociedad, el Sanse, antes de dar el salto a la \u00e9lite al tomar las riendas del Bayer Leverkusen.<\/p>\n<p>En el conjunto alem\u00e1n hizo historia al cortar la hegemon\u00eda del Bayern M\u00fanich en la Bundesliga, ganando la primera en la historia del Leverkusen, en una temporada hist\u00f3rica, la 2023-24, en la que no perdi\u00f3 ni un solo partido en la competici\u00f3n. Adem\u00e1s, en sus dos a\u00f1os y siete meses en el Bayer, conquist\u00f3 la Copa de Alemania y la Supercopa germana.<\/p>\n<p>\u00abXabi Alonso es una de las m\u00e1s grandes leyendas del Real Madrid y del f\u00fatbol mundial. Defendi\u00f3 nuestra camiseta en 236 partidos oficiales, entre 2009 y 2014. Durante ese tiempo gan\u00f3 6 t\u00edtulos: la d\u00e9cima Copa de Europa en Lisboa, 1 Supercopa de Europa, 1 Liga, 2 Copas del Rey y 1 Supercopa de Espa\u00f1a\u00bb, destaca el Real Madrid en su comunicado oficial.<\/p>\n<p>\u00abXabi Alonso tambi\u00e9n es una leyenda de la selecci\u00f3n espa\u00f1ola, con la que gan\u00f3 1 Mundial (2010) y 2 Eurocopas (2008 y 2012), en 113 partidos como internacional\u00bb, a\u00f1adi\u00f3.<\/p>\n<p>El Real Madrid destaca la proyecci\u00f3n de Alonso como entrenador hasta convertirse en \u00abuno de los mejores del mundo\u00bb por su etapa de \u00e9xito en Alemania.<\/p>\n<p>\u00abXabi Alonso inici\u00f3 su carrera como entrenador en la cantera del Real Madrid, dirigiendo durante la temporada 2018-2019 al Infantil A, con el que se proclam\u00f3 campe\u00f3n de Liga y del Torneo de Campeones\u00bb, a\u00f1ade.<\/p>\n<p>\u00abAhora regresa al Real Madrid como uno de los mejores entrenadores del mundo, tras hacer historia en el Bayer Leverkusen, equipo con el que ha ganado la Liga, la Copa y la Supercopa de Alemania en tres temporadas\u00bb, sentencia la nota del club blanco.<\/p>\n","protected":false},"excerpt":{"rendered":"<p>Madrid.- Es oficial, Real Madrid anunci\u00f3 la llegada de Xabi Alonso como nuevo entrenador del cuadro blanco, en el regreso su casa luego de su etapa como jugador y despu\u00e9s de dar sus primeros pasos como t\u00e9cnico en la cantera blanca, antes de dirigir a la Real Sociedad B y triunfar en el Bayer Leverkusen. [&hellip;]<\/p>\n","protected":false},"author":2,"featured_media":28734,"comment_status":"open","ping_status":"closed","sticky":false,"template":"","format":"standard","meta":{"footnotes":""},"categories":[7],"tags":[100,4396],"class_list":["post-28733","post","type-post","status-publish","format-standard","has-post-thumbnail","hentry","category-futbol-internacional","tag-real-madrid","tag-xabi-alonso"],"_links":{"self":[{"href":"https:\/\/radiocresatelital.com\/index.php?rest_route=\/wp\/v2\/posts\/28733","targetHints":{"allow":["GET"]}}],"collection":[{"href":"https:\/\/radiocresatelital.com\/index.php?rest_route=\/wp\/v2\/posts"}],"about":[{"href":"https:\/\/radiocresatelital.com\/index.php?rest_route=\/wp\/v2\/types\/post"}],"author":[{"embeddable":true,"href":"https:\/\/radiocresatelital.com\/index.php?rest_route=\/wp\/v2\/users\/2"}],"replies":[{"embeddable":true,"href":"https:\/\/radiocresatelital.com\/index.php?rest_route=%2Fwp%2Fv2%2Fcomments&post=28733"}],"version-history":[{"count":1,"href":"https:\/\/radiocresatelital.com\/index.php?rest_route=\/wp\/v2\/posts\/28733\/revisions"}],"predecessor-version":[{"id":28735,"href":"https:\/\/radiocresatelital.com\/index.php?rest_route=\/wp\/v2\/posts\/28733\/revisions\/28735"}],"wp:featuredmedia":[{"embeddable":true,"href":"https:\/\/radiocresatelital.com\/index.php?rest_route=\/wp\/v2\/media\/28734"}],"wp:attachment":[{"href":"https:\/\/radiocresatelital.com\/index.php?rest_route=%2Fwp%2Fv2%2Fmedia&parent=28733"}],"wp:term":[{"taxonomy":"category","embeddable":true,"href":"https:\/\/radiocresatelital.com\/index.php?rest_route=%2Fwp%2Fv2%2Fcategories&post=28733"},{"taxonomy":"post_tag","embeddable":true,"href":"https:\/\/radiocresatelital.com\/index.php?rest_route=%2Fwp%2Fv2%2Ftags&post=28733"}],"curies":[{"name":"wp","href":"https:\/\/api.w.org\/{rel}","templated":true}]}}