{"id":28632,"date":"2025-05-22T20:46:14","date_gmt":"2025-05-22T20:46:14","guid":{"rendered":"https:\/\/radiocresatelital.com\/?p=28632"},"modified":"2025-05-22T23:48:27","modified_gmt":"2025-05-22T23:48:27","slug":"chequeos-medicos-clave-para-enfrentar-el-aumento-de-enfermedades-infantiles-en-ecuador","status":"publish","type":"post","link":"https:\/\/radiocresatelital.com\/?p=28632","title":{"rendered":"Chequeos m\u00e9dicos, clave para enfrentar el aumento de enfermedades infantiles en Ecuador"},"content":{"rendered":"<p>Quito.- Seg\u00fan la Encuesta Nacional de Salud y Nutrici\u00f3n (ENSANUT) y reportes recientes del Ministerio de Salud P\u00fablica, 1 de cada 5 ni\u00f1os menores de 2 a\u00f1os sufre desnutrici\u00f3n cr\u00f3nica. Adem\u00e1s, se han encendido alertas por el aumento de enfermedades prevenibles como la tos ferina, cuyas infecciones crecieron un 127% en 2025.<\/p>\n<p>Ante este escenario, es fundamental priorizar los chequeos m\u00e9dicos durante el crecimiento como la forma m\u00e1s efectiva de detectar, tratar y, sobre todo, prevenir afecciones que podr\u00edan marcar el futuro de los ni\u00f1os.<\/p>\n<p>\u201cLa infancia es una etapa clave, cuando se forma el cimiento de la salud futura. A trav\u00e9s de los controles m\u00e9dicos, podemos identificar desde alteraciones en el desarrollo neurol\u00f3gico, problemas visuales o auditivos, hasta condiciones complejas como cardiopat\u00edas que requieren atenci\u00f3n especializada o quir\u00fargica. Detectarlas a tiempo puede marcar la diferencia entre una vida con calidad y una con limitaciones evitables\u201d, afirma el Dr. Fernando Aguinaga, pediatra y neonat\u00f3logo voluntario en Fundaci\u00f3n Metrofraternidad y miembro del Cuerpo M\u00e9dico del Hospital Metropolitano.<\/p>\n<p>Recomendaciones clave para cuidar la salud infantil, seg\u00fan el Dr. Aguinaga:<br \/>\n\u2981 Realizar controles pedi\u00e1tricos mensuales durante los primeros 6 meses de vida y, a partir de entonces, al menos uno cada semestre, incluso si el ni\u00f1o parece estar sano.<br \/>\n\u2981 Vigilar se\u00f1ales como bajo peso, crecimiento lento, irritabilidad persistente, somnolencia excesiva o retraso en el desarrollo del lenguaje.<br \/>\n\u2981 No postergar estudios m\u00e9dicos recomendados: una ecograf\u00eda, un examen auditivo o una evaluaci\u00f3n visual pueden marcar la diferencia.<br \/>\n\u2981 Promover una alimentaci\u00f3n variada y rica en nutrientes desde los primeros meses de vida.<br \/>\n\u2981 Completar el esquema de vacunaci\u00f3n en tiempo y forma, incluyendo refuerzos.<\/p>\n<p>Con 38 a\u00f1os de trayectoria, Fundaci\u00f3n Metrofraternidad ha transformado la vida de miles de familias en todo el pa\u00eds, facilitando el acceso a cirug\u00edas de alta y mediana complejidad para ni\u00f1os, ni\u00f1as y adolescentes de 0 a 18 a\u00f1os que no cuentan con seguro m\u00e9dico y se encuentran en situaci\u00f3n de vulnerabilidad. Gracias a su modelo de gesti\u00f3n social y al respaldo del cuerpo m\u00e9dico voluntario del Hospital Metropolitano, financia anualmente m\u00e1s de 2.500 atenciones y 250 cirug\u00edas de alta complejidad en seis especialidades.<\/p>\n<p>A trav\u00e9s de sus programas, Metrofraternidad no solo busca operar, sino tambi\u00e9n educar y prevenir. El programa \u00abPrevenci\u00f3n de la Ceguera Infantil\u00bb facilita el seguimiento oftalmol\u00f3gico continuo de los pacientes, abriendo una puerta de acceso a miles de ni\u00f1os que podr\u00edan perder la visi\u00f3n por falta de diagn\u00f3stico temprano.<\/p>\n<p>Cuidar la salud infantil es una responsabilidad compartida que comienza con la prevenci\u00f3n y la atenci\u00f3n oportuna. Fundaci\u00f3n Metrofraternidad reafirma su compromiso de acompa\u00f1ar a las familias ecuatorianas en esta tarea fundamental, porque un diagn\u00f3stico temprano y un seguimiento constante pueden cambiar el curso de la vida de un ni\u00f1o.<\/p>\n","protected":false},"excerpt":{"rendered":"<p>Quito.- Seg\u00fan la Encuesta Nacional de Salud y Nutrici\u00f3n (ENSANUT) y reportes recientes del Ministerio de Salud P\u00fablica, 1 de cada 5 ni\u00f1os menores de 2 a\u00f1os sufre desnutrici\u00f3n cr\u00f3nica. Adem\u00e1s, se han encendido alertas por el aumento de enfermedades prevenibles como la tos ferina, cuyas infecciones crecieron un 127% en 2025. Ante este escenario, [&hellip;]<\/p>\n","protected":false},"author":2,"featured_media":28633,"comment_status":"open","ping_status":"closed","sticky":false,"template":"","format":"standard","meta":{"_jetpack_memberships_contains_paid_content":false,"footnotes":""},"categories":[1023],"tags":[4526],"class_list":["post-28632","post","type-post","status-publish","format-standard","has-post-thumbnail","hentry","category-salud","tag-encuesta-nacional-de-salud-y-nutricion"],"jetpack_featured_media_url":"https:\/\/radiocresatelital.com\/wp-content\/uploads\/2025\/05\/Prevencion.jpg","jetpack_sharing_enabled":true,"_links":{"self":[{"href":"https:\/\/radiocresatelital.com\/index.php?rest_route=\/wp\/v2\/posts\/28632","targetHints":{"allow":["GET"]}}],"collection":[{"href":"https:\/\/radiocresatelital.com\/index.php?rest_route=\/wp\/v2\/posts"}],"about":[{"href":"https:\/\/radiocresatelital.com\/index.php?rest_route=\/wp\/v2\/types\/post"}],"author":[{"embeddable":true,"href":"https:\/\/radiocresatelital.com\/index.php?rest_route=\/wp\/v2\/users\/2"}],"replies":[{"embeddable":true,"href":"https:\/\/radiocresatelital.com\/index.php?rest_route=%2Fwp%2Fv2%2Fcomments&post=28632"}],"version-history":[{"count":1,"href":"https:\/\/radiocresatelital.com\/index.php?rest_route=\/wp\/v2\/posts\/28632\/revisions"}],"predecessor-version":[{"id":28634,"href":"https:\/\/radiocresatelital.com\/index.php?rest_route=\/wp\/v2\/posts\/28632\/revisions\/28634"}],"wp:featuredmedia":[{"embeddable":true,"href":"https:\/\/radiocresatelital.com\/index.php?rest_route=\/wp\/v2\/media\/28633"}],"wp:attachment":[{"href":"https:\/\/radiocresatelital.com\/index.php?rest_route=%2Fwp%2Fv2%2Fmedia&parent=28632"}],"wp:term":[{"taxonomy":"category","embeddable":true,"href":"https:\/\/radiocresatelital.com\/index.php?rest_route=%2Fwp%2Fv2%2Fcategories&post=28632"},{"taxonomy":"post_tag","embeddable":true,"href":"https:\/\/radiocresatelital.com\/index.php?rest_route=%2Fwp%2Fv2%2Ftags&post=28632"}],"curies":[{"name":"wp","href":"https:\/\/api.w.org\/{rel}","templated":true}]}}