{"id":28517,"date":"2025-05-21T21:17:09","date_gmt":"2025-05-21T21:17:09","guid":{"rendered":"https:\/\/radiocresatelital.com\/?p=28517"},"modified":"2025-05-21T21:17:09","modified_gmt":"2025-05-21T21:17:09","slug":"richard-carapaz-gana-la-undecima-etapa-del-giro-de-italia","status":"publish","type":"post","link":"https:\/\/radiocresatelital.com\/?p=28517","title":{"rendered":"Richard Carapaz gana la und\u00e9cima etapa del Giro de Italia"},"content":{"rendered":"<p>Roma.- La locomotora de Carchi,\u00a0 Richard Carapaz conquist\u00f3 la und\u00e9cima etapa del Giro de Italia, cuya cent\u00e9simo octava edici\u00f3n mantiene en la cima de la clasificaci\u00f3n general al mexicano Isaac Del Toro.<\/p>\n<p>Carapaz, que compite con el equipo EF Education-EasyPost y conquist\u00f3 esta competencia en 2019 (termin\u00f3 segundo en 2022), impuso el ritmo en los 186 kil\u00f3metros de recorrido entre Viareggio-Castelnovo ne&#8217; Monti, en Reggio Emilia.<\/p>\n<p>El campe\u00f3n ol\u00edmpico en los Juegos de Tokio 2021 complet\u00f3 la distancia en cuatro horas, 35 minutos y 20 segundos y cerr\u00f3 diez segundos por delante de Del Toro (UAE Emirates Team) y del italiano Giulio Ciccone (Lidl-Trek), con quienes comparti\u00f3 el podio de la jornada.<\/p>\n<p>Carapaz, de 32 a\u00f1os, escal\u00f3 tres posiciones y marcha sexto en la general, a 1&#8217;56\u00bb de distancia del mexicano, que ahora manda con 31 segundos de ventaja sobre el espa\u00f1ol Juan Ayuso (UAE Emirates Team) y a 1&#8217;07\u00bb del italiano Antonio Tiberi (Bahrain Victorius).<\/p>\n<p>Por detr\u00e1s del tr\u00edo de vanguardia se ubica el brit\u00e1nico Simon Yates, a 1&#8217;09\u00bb de la cima, y el esloveno Primoz Roglic (Red Bull-Bora Hansgrohe), ahora quinto en la competencia que supo liderar y a 1&#8217;24\u00bb de Del Toro.<\/p>\n<p>Carapaz puso en pr\u00e1ctica hoy el dicho que indica que para ingresar al para\u00edso hay que pasar por el purgatorio y con un ataque violento en la escalada del Apenino reggiano, s\u00edmbolo que el Dante eligi\u00f3 como expiaci\u00f3n de los pecados, refrend\u00f3 sus pergaminos en esta etapa.<\/p>\n<p>Etapa con \u00absabor latino\u00bb que mantuvo en a cima a Del Toro, quien parec\u00eda llamado a jugar el rol de \u00abescudero\u00bb de Ayuso, pero adopt\u00f3 un papel protag\u00f3nico y se ilusiona con m\u00e1s al promediar la competencia que ma\u00f1ana unir\u00e1 Modena con Viadana (Mantova) con un recorrido de 172 kil\u00f3metros favorable para los velocistas.<\/p>\n","protected":false},"excerpt":{"rendered":"<p>Roma.- La locomotora de Carchi,\u00a0 Richard Carapaz conquist\u00f3 la und\u00e9cima etapa del Giro de Italia, cuya cent\u00e9simo octava edici\u00f3n mantiene en la cima de la clasificaci\u00f3n general al mexicano Isaac Del Toro. Carapaz, que compite con el equipo EF Education-EasyPost y conquist\u00f3 esta competencia en 2019 (termin\u00f3 segundo en 2022), impuso el ritmo en los [&hellip;]<\/p>\n","protected":false},"author":2,"featured_media":28518,"comment_status":"open","ping_status":"closed","sticky":false,"template":"","format":"standard","meta":{"_jetpack_memberships_contains_paid_content":false,"footnotes":""},"categories":[120,9],"tags":[2224,129],"class_list":["post-28517","post","type-post","status-publish","format-standard","has-post-thumbnail","hentry","category-ciclismo","category-deportes","tag-giro-de-italia","tag-richard-carapaz"],"jetpack_featured_media_url":"https:\/\/radiocresatelital.com\/wp-content\/uploads\/2025\/05\/richard-carapaz-etapa-11-giro-de-italia-092645-1024x576-1.jpg","jetpack_sharing_enabled":true,"_links":{"self":[{"href":"https:\/\/radiocresatelital.com\/index.php?rest_route=\/wp\/v2\/posts\/28517","targetHints":{"allow":["GET"]}}],"collection":[{"href":"https:\/\/radiocresatelital.com\/index.php?rest_route=\/wp\/v2\/posts"}],"about":[{"href":"https:\/\/radiocresatelital.com\/index.php?rest_route=\/wp\/v2\/types\/post"}],"author":[{"embeddable":true,"href":"https:\/\/radiocresatelital.com\/index.php?rest_route=\/wp\/v2\/users\/2"}],"replies":[{"embeddable":true,"href":"https:\/\/radiocresatelital.com\/index.php?rest_route=%2Fwp%2Fv2%2Fcomments&post=28517"}],"version-history":[{"count":1,"href":"https:\/\/radiocresatelital.com\/index.php?rest_route=\/wp\/v2\/posts\/28517\/revisions"}],"predecessor-version":[{"id":28519,"href":"https:\/\/radiocresatelital.com\/index.php?rest_route=\/wp\/v2\/posts\/28517\/revisions\/28519"}],"wp:featuredmedia":[{"embeddable":true,"href":"https:\/\/radiocresatelital.com\/index.php?rest_route=\/wp\/v2\/media\/28518"}],"wp:attachment":[{"href":"https:\/\/radiocresatelital.com\/index.php?rest_route=%2Fwp%2Fv2%2Fmedia&parent=28517"}],"wp:term":[{"taxonomy":"category","embeddable":true,"href":"https:\/\/radiocresatelital.com\/index.php?rest_route=%2Fwp%2Fv2%2Fcategories&post=28517"},{"taxonomy":"post_tag","embeddable":true,"href":"https:\/\/radiocresatelital.com\/index.php?rest_route=%2Fwp%2Fv2%2Ftags&post=28517"}],"curies":[{"name":"wp","href":"https:\/\/api.w.org\/{rel}","templated":true}]}}