{"id":28469,"date":"2025-05-20T23:31:08","date_gmt":"2025-05-20T23:31:08","guid":{"rendered":"https:\/\/radiocresatelital.com\/?p=28469"},"modified":"2025-05-20T23:31:08","modified_gmt":"2025-05-20T23:31:08","slug":"primer-ranking-nacional-de-esgrima-apunta-a-torneos-internacionales","status":"publish","type":"post","link":"https:\/\/radiocresatelital.com\/?p=28469","title":{"rendered":"Primer ranking nacional de esgrima apunta a torneos internacionales"},"content":{"rendered":"<div class=\"elementor-element elementor-element-cb2de68 elementor-widget elementor-widget-spacer\" data-id=\"cb2de68\" data-element_type=\"widget\" data-widget_type=\"spacer.default\">\n<div class=\"elementor-widget-container\">\n<div class=\"elementor-spacer\">\n<div class=\"elementor-spacer-inner\"><\/div>\n<\/div>\n<\/div>\n<\/div>\n<div class=\"elementor-element elementor-element-7da7327 noticiaTexto elementor-widget elementor-widget-theme-post-content\" data-id=\"7da7327\" data-element_type=\"widget\" data-widget_type=\"theme-post-content.default\">\n<div class=\"elementor-widget-container\">\n<p>Quito.- Del 16 al 18 de mayo se desarroll\u00f3 el I Ranking Nacional Adulto 2025 en el Coliseo del Colegio Militar \u201cCOMIL 1\u201d de Quito. El evento reuni\u00f3 a deportistas de cinco provincias en las tres armas de la esgrima: florete, espada y sable, en las categor\u00edas masculina y femenina.<\/p>\n<p>Organizado por la Federaci\u00f3n Ecuatoriana de Esgrima (FEE), este torneo sirvi\u00f3 como base para el proceso de clasificaci\u00f3n a los Juegos Bolivarianos y forma parte del calendario oficial de competencias nacionales. El certamen se rigi\u00f3 bajo el reglamento de la Federaci\u00f3n Internacional de Esgrima (FIE).<\/p>\n<p>Carls Echeverr\u00eda, presidente de la FEE, valor\u00f3 de forma positiva el desarrollo del evento:\u00a0\u201cAcabamos de terminar el campeonato nacional. Ha sido todo un \u00e9xito. Hemos tenido deportistas de todas las provincias, estamos contentos y satisfechos. El nivel est\u00e1 creciendo cada vez m\u00e1s, lo que ha permitido tambi\u00e9n alcanzar logros a nivel internacional\u201d comento.<\/p>\n<p>A\u00f1adi\u00f3 que este primer campeonato adulto est\u00e1 enfocado en preparar a los tiradores para representar al pa\u00eds en competencias fuera del pa\u00eds:\u00a0\u201cLa idea de estos rankings nacionales es que el nivel sea mucho mayor y que los deportistas se vayan fogueando para lograr una buena representaci\u00f3n internacional\u201d a\u00f1adi\u00f3.<\/p>\n<p>Pedro Aguinaga<b>,<\/b>\u00a0campe\u00f3n en los Juegos Bolivarianos de la Juventud en Sucre, subray\u00f3 la importancia de contar con m\u00e1s torneos como este en el pa\u00eds:\u00a0\u201cUna de las grandes debilidades del pa\u00eds en esgrima ha sido la falta de competencias y competidores. Con estos torneos ganamos experiencia. Estoy prepar\u00e1ndome para el Sudamericano Juvenil en septiembre.\u201d<\/p>\n<p><strong>Sede del Campeonato Sudamericano y rumbo a Panamericanos Junior:<\/strong><\/p>\n<p>En julio, Ecuador ser\u00e1 sede del\u00a0Campeonato Sudamericano Infantil y de Veteranos, un evento que no se organizaba en el pa\u00eds desde 2007. Echeverr\u00eda destac\u00f3 este hecho y pidi\u00f3 apoyo del sector privado:\u00a0\u201cToda Sudam\u00e9rica est\u00e1 expectante de lo que hagamos en Ecuador. Hacemos un llamado a la empresa privada para que se sume a este esfuerzo organizativo\u201d concluy\u00f3.<\/p>\n<p>La federaci\u00f3n tambi\u00e9n inform\u00f3 que se complet\u00f3 la primera fase de entrenamientos con miras a los\u00a0Juegos Panamericanos Junior, tras haber conseguido cinco cupos internacionales.<\/p>\n<\/div>\n<\/div>\n","protected":false},"excerpt":{"rendered":"<p>Quito.- Del 16 al 18 de mayo se desarroll\u00f3 el I Ranking Nacional Adulto 2025 en el Coliseo del Colegio Militar \u201cCOMIL 1\u201d de Quito. El evento reuni\u00f3 a deportistas de cinco provincias en las tres armas de la esgrima: florete, espada y sable, en las categor\u00edas masculina y femenina. Organizado por la Federaci\u00f3n Ecuatoriana [&hellip;]<\/p>\n","protected":false},"author":2,"featured_media":28470,"comment_status":"open","ping_status":"closed","sticky":false,"template":"","format":"standard","meta":{"_jetpack_memberships_contains_paid_content":false,"footnotes":""},"categories":[9],"tags":[3940,4498],"class_list":["post-28469","post","type-post","status-publish","format-standard","has-post-thumbnail","hentry","category-deportes","tag-federacion-ecuatoriana-de-esgrima","tag-ranking-nacional-adulto-2025"],"jetpack_featured_media_url":"https:\/\/radiocresatelital.com\/wp-content\/uploads\/2025\/05\/54531564605_c2021cb7e7_k.jpg","jetpack_sharing_enabled":true,"_links":{"self":[{"href":"https:\/\/radiocresatelital.com\/index.php?rest_route=\/wp\/v2\/posts\/28469","targetHints":{"allow":["GET"]}}],"collection":[{"href":"https:\/\/radiocresatelital.com\/index.php?rest_route=\/wp\/v2\/posts"}],"about":[{"href":"https:\/\/radiocresatelital.com\/index.php?rest_route=\/wp\/v2\/types\/post"}],"author":[{"embeddable":true,"href":"https:\/\/radiocresatelital.com\/index.php?rest_route=\/wp\/v2\/users\/2"}],"replies":[{"embeddable":true,"href":"https:\/\/radiocresatelital.com\/index.php?rest_route=%2Fwp%2Fv2%2Fcomments&post=28469"}],"version-history":[{"count":1,"href":"https:\/\/radiocresatelital.com\/index.php?rest_route=\/wp\/v2\/posts\/28469\/revisions"}],"predecessor-version":[{"id":28471,"href":"https:\/\/radiocresatelital.com\/index.php?rest_route=\/wp\/v2\/posts\/28469\/revisions\/28471"}],"wp:featuredmedia":[{"embeddable":true,"href":"https:\/\/radiocresatelital.com\/index.php?rest_route=\/wp\/v2\/media\/28470"}],"wp:attachment":[{"href":"https:\/\/radiocresatelital.com\/index.php?rest_route=%2Fwp%2Fv2%2Fmedia&parent=28469"}],"wp:term":[{"taxonomy":"category","embeddable":true,"href":"https:\/\/radiocresatelital.com\/index.php?rest_route=%2Fwp%2Fv2%2Fcategories&post=28469"},{"taxonomy":"post_tag","embeddable":true,"href":"https:\/\/radiocresatelital.com\/index.php?rest_route=%2Fwp%2Fv2%2Ftags&post=28469"}],"curies":[{"name":"wp","href":"https:\/\/api.w.org\/{rel}","templated":true}]}}